{"id":510,"date":"2024-09-07T21:00:13","date_gmt":"2024-09-07T21:00:13","guid":{"rendered":"https:\/\/uecvalltenes.com\/web\/?p=510"},"modified":"2024-09-07T21:00:14","modified_gmt":"2024-09-07T21:00:14","slug":"41a-marxa-passeig-puig-dolena-indret-vital-del-poeta-riells-del-fai-2024","status":"publish","type":"post","link":"https:\/\/uecvalltenes.com\/web\/2024\/41a-marxa-passeig-puig-dolena-indret-vital-del-poeta-riells-del-fai-2024\/","title":{"rendered":"41a. MARXA PASSEIG , PUIG D&#8217;OLENA, INDRET VITAL DEL POETA, RIELLS DEL FAI, 2024"},"content":{"rendered":"\n<figure class=\"wp-block-image size-full\"><img loading=\"lazy\" decoding=\"async\" width=\"506\" height=\"642\" src=\"https:\/\/uecvalltenes.com\/web\/wp-content\/uploads\/2024\/09\/portada-mxp-24-1.png\" alt=\"\" class=\"wp-image-512\" srcset=\"https:\/\/uecvalltenes.com\/web\/wp-content\/uploads\/2024\/09\/portada-mxp-24-1.png 506w, https:\/\/uecvalltenes.com\/web\/wp-content\/uploads\/2024\/09\/portada-mxp-24-1-236x300.png 236w\" sizes=\"auto, (max-width: 506px) 100vw, 506px\" \/><\/figure>\n\n\n\n<p><\/p>\n\n\n\n<p><strong>INSCRIPCIONS OBERTES A LA 41a. MARXA PASSEIG 2024, PEL DIUMENGE 29 DE SETEMBRE DE 2024<\/strong><\/p>\n\n\n\n<p>-Hola a tothom,<br><br><strong>Ja la tenim aqu\u00ed, 41a. Marxa Passeig 2024 !<\/strong><br><br>Anoteu-vos-ho a l&#8217;agenda:&nbsp;<\/p>\n\n\n\n<p><strong>29 de setembre de 2024, des de Riells del Fai, Cingles de Bert\u00ed, sector de Puig d&#8217;Olena<\/strong>.<br><br><\/p>\n\n\n\n<p>No us perdeu la&nbsp;<strong><em>41a&nbsp;edici\u00f3 de la Marxa Passeig &#8220;Puig d&#8217;Olena, indret vital del poeta (M\u00e0rius Torres)&#8221; 2024 !<\/em><\/strong><\/p>\n\n\n\n<p><br><br>Veureu que enguany presentem&nbsp;<strong>novetats:<\/strong><br><br>&nbsp; &nbsp; &nbsp; &nbsp; &nbsp;-L&#8217;horari de sortida (avancem 30 minuts la sortida esglaonada, de 7:30 a 8:30 h mat\u00ed).<br><br>&nbsp; &nbsp; &nbsp; &nbsp; &nbsp;-Proposem&nbsp;3 recorreguts sobre el tra\u00e7at marc, que en la inscripci\u00f3 anticipada ens haureu d&#8217;indicar, per facilitar la log\u00edstica organitzativa.<br><br>La Marxa Passeig, \u00e9s una caminada a peu, no competitiva, de descoberta dels paisatges de la Vall del Tenes i dels Cingles de Bert\u00ed, amb la filosofia de preservar i donar a con\u00e8ixer el patrimoni i enlla\u00e7ar corriols i camins, des de l&#8217;enclavament que ens ha donat molt de joc, tots aquests anys, que \u00e9s el terme de Riells del Fai.<br><br>Enguany la tra\u00e7a, retorna, i s&#8217;encara cap als Cingles de Bert\u00ed i el seu altipl\u00e0, resseguint el riu Tenes i els seus torrents tributaris.<br><br><strong>Sobre els recorreguts<\/strong>, com cada any, s\u00f3n variables en indrets i dificultats. Enguany el sector d&#8217;aproximaci\u00f3 m\u00e9s llunyana, el Puig d&#8217;Olena, i per tant, m\u00e9s dur en dist\u00e0ncia i desnivell.<br><br>El&nbsp;<strong>recorregut Llarg<\/strong>, el sencer, surt de Riells del Fai, enfila direcci\u00f3 a St. Miquel del Fai, per fer el bucle, remuntant el riu Tenes, fins al C\u00e0mping l&#8217;illa de St. Quirze Safaja, i buscant el nucli urb\u00e0 d&#8217;aquest poble. En aquest punt, cerca la balma de l&#8217;Espluga, i guanya al\u00e7ada passant a prop de la casa de la Rovireta, i cap al punt \u00e0lgid i lluny\u00e0, l&#8217;antic Sanatori i actual Centre Residencial d&#8217;Acci\u00f3 Educativa (CRAE) Mare de D\u00e9u del Roser-Puig D&#8217;Olena. Passat aquest punt, comen\u00e7a el descens, direcci\u00f3, can Sants, can&nbsp;Cabanyals&nbsp;i St. Miquel del Fai, per tancar el bucle i retorn al Centre C\u00edvic i Cultural de Riells del Fai.<br><br>El&nbsp;<strong>recorregut Mitj\u00e0<\/strong>&nbsp;far\u00e0 el mateix itinerari, fins a l&#8217;al\u00e7ada del sanatori de Puig d&#8217;Olena, i el&nbsp;<strong>recorregut Curt<\/strong>, far\u00e0 parada a la poblaci\u00f3 de Sant Quirze Safaja.<br><br>Durant el recorregut, hi haur\u00e0 avituallaments de l\u00edquids i s\u00f2lids, i 1 avituallament d&#8217;esmorzar (entrep\u00e0 de botifarra o formatge, beguda i caf\u00e8).<br><br>IMPORTANT: Caldr\u00e0 dur got, pels avituallaments.<br><br>L&#8217;organitzaci\u00f3 facilitar\u00e0 controls i avituallaments al llarg del recorregut.<br><br>Sobre els avituallaments, el llarg en disposar\u00e0 de 5: el Mitj\u00e0 de 4; i el Curt de 3.<br><br><strong>Tant el Mitj\u00e0 com el Curt, inclou el retorn dels punts respectius, al punt de sortida, mitjan\u00e7ant servei de transport de Bus.<\/strong><br><br><br>Per a&nbsp;m\u00e9s informaci\u00f3 del recorregut, normativa, inscripcions, preus &#8230; la podeu consultar a l&#8217;enlla\u00e7 del blog de l&#8217;entitat:<\/p>\n\n\n\n<p>&nbsp;<a href=\"http:\/\/www.uecvalltenes.com\/\" target=\"_blank\" rel=\"noreferrer noopener\">www.uecvalltenes.com<\/a><\/p>\n\n\n\n<p><br>Us adjuntem la propaganda de la 41a. Marxa Passeig 2024.<\/p>\n\n\n\n<p><br><br>Si us ve de gust estirar les cames pels Cingles de Bert\u00ed, veniu que us agradar\u00e0.&nbsp;<\/p>\n\n\n\n<p>Us hi esperem!<\/p>\n\n\n\n<p>Salut i bones trescades&nbsp;<\/p>\n\n\n\n<p><strong><em>COMISSI\u00d3 ORGANITZACI\u00d3&nbsp;MXP&nbsp;2024<\/em><\/strong><\/p>\n\n\n\n<div data-wp-interactive=\"core\/file\" class=\"wp-block-file\"><object data-wp-bind--hidden=\"!state.hasPdfPreview\" hidden class=\"wp-block-file__embed\" data=\"https:\/\/uecvalltenes.com\/web\/wp-content\/uploads\/2024\/09\/Flyer-Marxa-2024.pdf\" type=\"application\/pdf\" style=\"width:100%;height:600px\" aria-label=\"Incrustaci\u00f3 del fitxer Flyer Marxa 2024.\"><\/object><a id=\"wp-block-file--media-0afc996d-4d77-4dcd-9009-b851ae6324d5\" href=\"https:\/\/uecvalltenes.com\/web\/wp-content\/uploads\/2024\/09\/Flyer-Marxa-2024.pdf\">Flyer Marxa 2024<\/a><a href=\"https:\/\/uecvalltenes.com\/web\/wp-content\/uploads\/2024\/09\/Flyer-Marxa-2024.pdf\" class=\"wp-block-file__button wp-element-button\" download aria-describedby=\"wp-block-file--media-0afc996d-4d77-4dcd-9009-b851ae6324d5\">Baixa<\/a><\/div>\n","protected":false},"excerpt":{"rendered":"<p>INSCRIPCIONS OBERTES A LA 41a. MARXA PASSEIG 2024, PEL DIUMENGE 29 DE SETEMBRE DE 2024 -Hola a tothom, Ja la tenim aqu\u00ed, 41a. Marxa Passeig<\/p>\n","protected":false},"author":1,"featured_media":0,"comment_status":"open","ping_status":"open","sticky":false,"template":"","format":"standard","meta":{"footnotes":""},"categories":[10],"tags":[],"class_list":["post-510","post","type-post","status-publish","format-standard","hentry","category-la-marxa-passeig-mxp"],"_links":{"self":[{"href":"https:\/\/uecvalltenes.com\/web\/wp-json\/wp\/v2\/posts\/510","targetHints":{"allow":["GET"]}}],"collection":[{"href":"https:\/\/uecvalltenes.com\/web\/wp-json\/wp\/v2\/posts"}],"about":[{"href":"https:\/\/uecvalltenes.com\/web\/wp-json\/wp\/v2\/types\/post"}],"author":[{"embeddable":true,"href":"https:\/\/uecvalltenes.com\/web\/wp-json\/wp\/v2\/users\/1"}],"replies":[{"embeddable":true,"href":"https:\/\/uecvalltenes.com\/web\/wp-json\/wp\/v2\/comments?post=510"}],"version-history":[{"count":1,"href":"https:\/\/uecvalltenes.com\/web\/wp-json\/wp\/v2\/posts\/510\/revisions"}],"predecessor-version":[{"id":514,"href":"https:\/\/uecvalltenes.com\/web\/wp-json\/wp\/v2\/posts\/510\/revisions\/514"}],"wp:attachment":[{"href":"https:\/\/uecvalltenes.com\/web\/wp-json\/wp\/v2\/media?parent=510"}],"wp:term":[{"taxonomy":"category","embeddable":true,"href":"https:\/\/uecvalltenes.com\/web\/wp-json\/wp\/v2\/categories?post=510"},{"taxonomy":"post_tag","embeddable":true,"href":"https:\/\/uecvalltenes.com\/web\/wp-json\/wp\/v2\/tags?post=510"}],"curies":[{"name":"wp","href":"https:\/\/api.w.org\/{rel}","templated":true}]}}