{"id":118,"date":"2022-03-18T15:10:10","date_gmt":"2022-03-18T15:10:10","guid":{"rendered":"http:\/\/uecvalltenes.com\/web\/?p=118"},"modified":"2022-03-18T15:10:12","modified_gmt":"2022-03-18T15:10:12","slug":"xerrada-el-tenes-de-la-bromera-a-la-lludriga-a-carrec-den-manel-isnard-i-blanchard","status":"publish","type":"post","link":"https:\/\/uecvalltenes.com\/web\/2022\/xerrada-el-tenes-de-la-bromera-a-la-lludriga-a-carrec-den-manel-isnard-i-blanchard\/","title":{"rendered":"XERRADA : &#8220;EL TENES DE LA BROMERA A LA LL\u00daDRIGA&#8221;  a c\u00e0rrec d&#8217;en Manel Isnard i Blanchard."},"content":{"rendered":"\n<p>Amb aquest t\u00edtol, el divendres 25 de mar\u00e7 de 2022, a les 20:00 h., tindr\u00e0 lloc a la sala Gran de l&#8217;Ateneu l&#8217;Alian\u00e7a, dins de la programaci\u00f3 de xerrades mensual de tem\u00e0tica diversa de l&#8217;Ateneu l&#8217;Alian\u00e7a, hi ha inclosa aquesta xerrada, molt interessant, a c\u00e0rrec d&#8217;en Manel Isnard i Blanchar, bi\u00f2leg i responsable del medi fluvial del Consorci del Bes\u00f2s i la Tordera, on ens explicar\u00e0 l&#8217;experi\u00e8ncia sobre l&#8217;evoluci\u00f3 i la situaci\u00f3 actual del nostre riu, el Tenes, en el marc de la conca del Bes\u00f2s.<\/p>\n\n\n\n<p>No us ho perdeu, us hi esperem a totes i tots!!!<\/p>\n\n\n\n<p>Entrada gratu\u00efta i oberta a tothom. <\/p>\n\n\n\n<figure class=\"wp-block-image size-large\"><img loading=\"lazy\" decoding=\"async\" width=\"732\" height=\"1024\" src=\"http:\/\/uecvalltenes.com\/web\/wp-content\/uploads\/2022\/03\/xerrada-riu-tenes-25-03-2022-732x1024.jpg\" alt=\"\" class=\"wp-image-119\" srcset=\"https:\/\/uecvalltenes.com\/web\/wp-content\/uploads\/2022\/03\/xerrada-riu-tenes-25-03-2022-732x1024.jpg 732w, https:\/\/uecvalltenes.com\/web\/wp-content\/uploads\/2022\/03\/xerrada-riu-tenes-25-03-2022-215x300.jpg 215w, https:\/\/uecvalltenes.com\/web\/wp-content\/uploads\/2022\/03\/xerrada-riu-tenes-25-03-2022-768x1074.jpg 768w, https:\/\/uecvalltenes.com\/web\/wp-content\/uploads\/2022\/03\/xerrada-riu-tenes-25-03-2022-1098x1536.jpg 1098w, https:\/\/uecvalltenes.com\/web\/wp-content\/uploads\/2022\/03\/xerrada-riu-tenes-25-03-2022.jpg 1144w\" sizes=\"auto, (max-width: 732px) 100vw, 732px\" \/><\/figure>\n","protected":false},"excerpt":{"rendered":"<p>Amb aquest t\u00edtol, el divendres 25 de mar\u00e7 de 2022, a les 20:00 h., tindr\u00e0 lloc a la sala Gran de l&#8217;Ateneu l&#8217;Alian\u00e7a, dins de<\/p>\n","protected":false},"author":1,"featured_media":0,"comment_status":"open","ping_status":"open","sticky":false,"template":"","format":"standard","meta":{"footnotes":""},"categories":[4,8],"tags":[],"class_list":["post-118","post","type-post","status-publish","format-standard","hentry","category-audiovisuals","category-xerrades-i-debats"],"_links":{"self":[{"href":"https:\/\/uecvalltenes.com\/web\/wp-json\/wp\/v2\/posts\/118","targetHints":{"allow":["GET"]}}],"collection":[{"href":"https:\/\/uecvalltenes.com\/web\/wp-json\/wp\/v2\/posts"}],"about":[{"href":"https:\/\/uecvalltenes.com\/web\/wp-json\/wp\/v2\/types\/post"}],"author":[{"embeddable":true,"href":"https:\/\/uecvalltenes.com\/web\/wp-json\/wp\/v2\/users\/1"}],"replies":[{"embeddable":true,"href":"https:\/\/uecvalltenes.com\/web\/wp-json\/wp\/v2\/comments?post=118"}],"version-history":[{"count":1,"href":"https:\/\/uecvalltenes.com\/web\/wp-json\/wp\/v2\/posts\/118\/revisions"}],"predecessor-version":[{"id":120,"href":"https:\/\/uecvalltenes.com\/web\/wp-json\/wp\/v2\/posts\/118\/revisions\/120"}],"wp:attachment":[{"href":"https:\/\/uecvalltenes.com\/web\/wp-json\/wp\/v2\/media?parent=118"}],"wp:term":[{"taxonomy":"category","embeddable":true,"href":"https:\/\/uecvalltenes.com\/web\/wp-json\/wp\/v2\/categories?post=118"},{"taxonomy":"post_tag","embeddable":true,"href":"https:\/\/uecvalltenes.com\/web\/wp-json\/wp\/v2\/tags?post=118"}],"curies":[{"name":"wp","href":"https:\/\/api.w.org\/{rel}","templated":true}]}}