{"id":750,"date":"2026-01-07T23:14:12","date_gmt":"2026-01-07T23:14:12","guid":{"rendered":"https:\/\/uecvalltenes.com\/web\/?p=750"},"modified":"2026-01-07T23:19:55","modified_gmt":"2026-01-07T23:19:55","slug":"informacio-com-fer-se-socia-i-soci-de-la-uec-vall-del-tenes-i-tramitar-el-carnet-federatiu-feec-2026","status":"publish","type":"post","link":"http:\/\/uecvalltenes.com\/web\/2026\/informacio-com-fer-se-socia-i-soci-de-la-uec-vall-del-tenes-i-tramitar-el-carnet-federatiu-feec-2026\/","title":{"rendered":"INFORMACI\u00d3 COM FER-SE S\u00d2CIA I SOCI DE LA UEC VALL DEL TENES I TRAMITAR EL CARNET FEDERATIU FEEC 2026?"},"content":{"rendered":"\n<p><strong>Temes: (1) Bon Any 2026 a tothom; (2) Quotes s\u00f2cia i soci UEC VdT 2026; <\/strong><strong>&nbsp;<\/strong><strong>(3) Tr\u00e0mit llic\u00e8ncies federatives FEEC 2026.<\/strong>&nbsp;<\/p>\n\n\n\n<p>&nbsp;&nbsp;&nbsp; -Benvolgudes i benvolguts,&nbsp;<\/p>\n\n\n\n<p><strong>1.-US DESITGEM UN BON ANY 2026<\/strong><\/p>\n\n\n\n<p>Arribades aquestes dates, l\u2019equip de junta us desitja  <strong>un BON ANY 2026, ple de bones activitats d&#8217;esports de muntanya.<\/strong><\/p>\n\n\n\n<p><strong>&nbsp;2.-<\/strong>Iniciem el tr\u00e0mit de <strong>gesti\u00f3 de cobrament de quotes de s\u00f2cies i socis de la U.E.C. de la VALL DEL TENES pel 2026,<\/strong> i tamb\u00e9, del tr\u00e0mit de la <strong>gesti\u00f3 per rebre la revista <\/strong><strong>&#8220;<\/strong><strong>Excursionisme&#8221;,<\/strong> <a href=\"http:\/\/www.excursionisme.cat\" target=\"_blank\" rel=\"noreferrer noopener\">www.excursionisme.cat<\/a>, publicaci\u00f3 en llengua catalana d&#8217;esports de muntanya, editada per la Uni\u00f3 Excursionista de Catalunya.&nbsp;<\/p>\n\n\n\n<p>&nbsp;&nbsp; A mitjan mes de gener de 2026, es realitzar\u00e0 la gesti\u00f3 del cobrament de la quota de s\u00f2cies i socis de l&#8217;entitat.<\/p>\n\n\n\n<p>&nbsp;&nbsp;&nbsp; \u00c9s important que comuniqueu qualsevol canvi de les vostres dades, abans del cobrament de la quota 2026.<\/p>\n\n\n\n<p>&nbsp;&nbsp;&nbsp; Es mantenen els preus de s\u00f2cies i socis de l&#8217;any 2025, per l&#8217;any 2026, aprovats en Assemblea G. Extraordin\u00e0ria realitzada el dijous, dia 18 de desembre de 2025:&nbsp;<\/p>\n\n\n\n<p>&nbsp;<strong>Familiar 45 euros; <\/strong><strong>&nbsp;&nbsp;&nbsp;<\/strong><strong>Adult 30 euros;<\/strong><strong>&nbsp; &nbsp;&nbsp;<\/strong><strong>Juvenil 18 euros; <\/strong><strong>&nbsp;&nbsp;<\/strong><strong>Infantil 12 euros<\/strong>.<\/p>\n\n\n\n<p>&nbsp;&nbsp;&nbsp;&nbsp;&nbsp; En aquests preus no hi ha incl\u00f2s la revista i calendari &#8220;Excursionisme&#8221;. La s\u00f2cia i soci que ja la rep, i vol rebre-la, no cal que digui res, i si hi ha alguna persona que no la rep, i vol rebre-la, que ho notifiqui a secretaria, i se li sumar\u00e0 a la quota, els 15 euros d&#8217;aquesta subscripci\u00f3, en el moment del cobrament.<\/p>\n\n\n\n<p>&nbsp;&nbsp; IMPORTANT: Agrair\u00edem que si hi ha algun canvi, ens ho f\u00e9ssiu arribar en resposta a aquest comunicat via e-mail.<\/p>\n\n\n\n<p>Adjuntem butlleta d&#8217;inscripci\u00f3 per fer-se S\u00f2cia i Soci de l&#8217;entitat<\/p>\n\n\n\n<div data-wp-interactive=\"core\/file\" class=\"wp-block-file\"><object data-wp-bind--hidden=\"!state.hasPdfPreview\" hidden class=\"wp-block-file__embed\" data=\"https:\/\/uecvalltenes.com\/web\/wp-content\/uploads\/2026\/01\/BUTLLETA-SOCI-A-UEC-VDT-2025.pdf\" type=\"application\/pdf\" style=\"width:100%;height:600px\" aria-label=\"Incrustaci\u00f3 del fitxer BUTLLETA SOCI-A UEC VDT 2025.\"><\/object><a id=\"wp-block-file--media-13053f92-ef58-4f3e-8d3a-eea5d7e90b85\" href=\"https:\/\/uecvalltenes.com\/web\/wp-content\/uploads\/2026\/01\/BUTLLETA-SOCI-A-UEC-VDT-2025.pdf\">BUTLLETA SOCI-A UEC VDT 2025<\/a><a href=\"https:\/\/uecvalltenes.com\/web\/wp-content\/uploads\/2026\/01\/BUTLLETA-SOCI-A-UEC-VDT-2025.pdf\" class=\"wp-block-file__button wp-element-button\" download aria-describedby=\"wp-block-file--media-13053f92-ef58-4f3e-8d3a-eea5d7e90b85\">Baixa<\/a><\/div>\n\n\n\n<p><strong>3.-<\/strong>&nbsp;<strong>Com obtenir la llic\u00e8ncia federativa FEEC per l&#8217;any 2026?<\/strong>&nbsp;<\/p>\n\n\n\n<p>&nbsp;&nbsp;&nbsp; Podeu consultar les modalitats de llic\u00e8ncies i preus a la web de la FEEC als enlla\u00e7os seg\u00fcents:&nbsp;<\/p>\n\n\n\n<figure class=\"wp-block-embed is-type-wp-embed is-provider-feec wp-block-embed-feec\"><div class=\"wp-block-embed__wrapper\">\n<blockquote class=\"wp-embedded-content\" data-secret=\"1lXcrEnrNI\"><a href=\"https:\/\/www.feec.cat\/fem-muntanya\/federat\/\">Federa&#8217;t<\/a><\/blockquote><iframe loading=\"lazy\" class=\"wp-embedded-content\" sandbox=\"allow-scripts\" security=\"restricted\" style=\"position: absolute; visibility: hidden;\" title=\"&#8220;Federa&#8217;t&#8221; &#8212; FEEC\" src=\"https:\/\/www.feec.cat\/fem-muntanya\/federat\/embed\/#?secret=TVDPEvGq7U#?secret=1lXcrEnrNI\" data-secret=\"1lXcrEnrNI\" width=\"600\" height=\"338\" frameborder=\"0\" marginwidth=\"0\" marginheight=\"0\" scrolling=\"no\"><\/iframe>\n<\/div><\/figure>\n\n\n\n<p><a href=\"https:\/\/www.feec.cat\/wp-content\/uploads\/2025\/12\/LLicencies-2026.pdf\">https:\/\/www.feec.cat\/wp-content\/uploads\/2025\/12\/LLicencies-2026.pdf<\/a><\/p>\n\n\n\n<p>&nbsp;&nbsp;&nbsp;&nbsp;&nbsp; Adjuntem el mateix PDF. enlla\u00e7at, amb un informe sobre les llic\u00e8ncies federatives, i amb el quadre de modalitats i preus.&nbsp;<\/p>\n\n\n\n<div data-wp-interactive=\"core\/file\" class=\"wp-block-file\"><object data-wp-bind--hidden=\"!state.hasPdfPreview\" hidden class=\"wp-block-file__embed\" data=\"https:\/\/uecvalltenes.com\/web\/wp-content\/uploads\/2026\/01\/Llicencies-2026.pdf\" type=\"application\/pdf\" style=\"width:100%;height:600px\" aria-label=\"Incrustaci\u00f3 del fitxer Llicencies-2026.\"><\/object><a id=\"wp-block-file--media-2334e693-90cc-4a59-8ba3-b01b69c8b8ee\" href=\"https:\/\/uecvalltenes.com\/web\/wp-content\/uploads\/2026\/01\/Llicencies-2026.pdf\">Llicencies-2026<\/a><a href=\"https:\/\/uecvalltenes.com\/web\/wp-content\/uploads\/2026\/01\/Llicencies-2026.pdf\" class=\"wp-block-file__button wp-element-button\" download aria-describedby=\"wp-block-file--media-2334e693-90cc-4a59-8ba3-b01b69c8b8ee\">Baixa<\/a><\/div>\n\n\n\n<p>&nbsp;&#8211;<strong>Com podeu tramitar la llic\u00e8ncia federativa 2026 de la FEEC, tenint en compte, que sereu s\u00f2cies i socis<\/strong><strong>&nbsp; <\/strong><strong>2026 de la nostra entitat:<\/strong><\/p>\n\n\n\n<p><strong>&nbsp;<\/strong>&nbsp;&nbsp;&nbsp;&nbsp; Un cop heu consultat preus i cobertures del tipus de llic\u00e8ncia federativa 2026 que voleu, heu d\u2019ingressar al compte corrent de la UEC VdT,&nbsp; a l\u2019oficina de \u201cBBVA\u201d,&nbsp;&nbsp; al&nbsp;compte&nbsp;n\u00fam.<\/p>\n\n\n\n<p><strong>&nbsp;&nbsp; (sol.liciteu el n\u00fam de compte, via correu-e, uecvalltenes@gmail.com ),<\/strong> l\u2019import de la llic\u00e8ncia federativa 2026, indicant el vostre nom, cognoms i&nbsp;NIF.<\/p>\n\n\n\n<p>&nbsp;&nbsp;&nbsp;&nbsp;&nbsp; \u00c9s molt important que feu el pagament amb l\u2019import o imports correctes, per cada persona o persones que volen tramitar llic\u00e8ncia o llic\u00e8ncies federatives. (No cal que envieu, ni porteu el resguard de l\u2019ingr\u00e9s, ja que la comprovaci\u00f3 del pagament s\u2019efectua internament de manera autom\u00e0tica).<\/p>\n\n\n\n<p>&nbsp;&nbsp;&nbsp;&nbsp;&nbsp; A partir d\u2019aquest moment, us sol\u00b7licitarem la llic\u00e8ncia federativa corresponent.<\/p>\n\n\n\n<p>&nbsp;&nbsp;&nbsp;&nbsp;&nbsp; Recordeu que el carnet federatiu 2025 caduca el 31 de desembre. El del 2026 ser\u00e0 v\u00e0lid a partir de l\u20191 de gener, encara que s\u2019hagi tramitat abans.<\/p>\n\n\n\n<p><strong>&nbsp;&nbsp;&nbsp;&nbsp;&nbsp; IMPORTANT: A totes les persones federades que s\u00f3n alhora cuidadores de Senders de l\u2019entitat, enguany, amb la tramitaci\u00f3 del carnet federatiu 2026, quedar\u00e0 reflectit, i s\u2019unificar\u00e0 el carnet.&nbsp;<\/strong><\/p>\n\n\n\n<p>&nbsp;&nbsp;&nbsp;&nbsp;&nbsp; En el moment, que ens arribi f\u00edsicament la llic\u00e8ncia federativa tramitada, ens posarem en contacte amb vosaltres, per acordar la recollida, o com us la fem arribar.<\/p>\n\n\n\n<p>Adjuntem informaci\u00f3 del carnet federatiu FEEC 2026:<\/p>\n\n\n\n<div data-wp-interactive=\"core\/file\" class=\"wp-block-file\"><object data-wp-bind--hidden=\"!state.hasPdfPreview\" hidden class=\"wp-block-file__embed\" data=\"https:\/\/uecvalltenes.com\/web\/wp-content\/uploads\/2026\/01\/Federat-2026.pdf\" type=\"application\/pdf\" style=\"width:100%;height:600px\" aria-label=\"Incrustaci\u00f3 del fitxer Federat-2026.\"><\/object><a id=\"wp-block-file--media-c988cbd1-7b7c-4a3c-ac66-581147e46e9c\" href=\"https:\/\/uecvalltenes.com\/web\/wp-content\/uploads\/2026\/01\/Federat-2026.pdf\">Federat-2026<\/a><a href=\"https:\/\/uecvalltenes.com\/web\/wp-content\/uploads\/2026\/01\/Federat-2026.pdf\" class=\"wp-block-file__button wp-element-button\" download aria-describedby=\"wp-block-file--media-c988cbd1-7b7c-4a3c-ac66-581147e46e9c\">Baixa<\/a><\/div>\n\n\n\n<p>&nbsp;&nbsp;&nbsp;&nbsp;&nbsp; Tamb\u00e9 podreu portar la llic\u00e8ncia al vostre m\u00f2bil, baixant l&#8217;APP de la FEEC.<\/p>\n\n\n\n<p>&nbsp;&nbsp;&nbsp;&nbsp;&nbsp; Podeu consultar-nos qualsevol dubte, a trav\u00e9s d&#8217;aquest mitj\u00e0.<\/p>\n\n\n\n<p>&nbsp;&nbsp;&nbsp;&nbsp;&nbsp;&nbsp;&nbsp;&nbsp;&nbsp;&nbsp; Salutacions,<\/p>\n\n\n\n<p>&nbsp;&nbsp;&nbsp;&nbsp;&nbsp;&nbsp;&nbsp;&nbsp;&nbsp;&nbsp; L&#8217;equip de junta&nbsp;<\/p>\n\n\n\n<p>\u00a0\u00a0\u00a0 A Lli\u00e7\u00e0 d\u2019Amunt, 1 de gener de 2026<\/p>\n","protected":false},"excerpt":{"rendered":"<p>Temes: (1) Bon Any 2026 a tothom; (2) Quotes s\u00f2cia i soci UEC VdT 2026; &nbsp;(3) Tr\u00e0mit llic\u00e8ncies federatives FEEC 2026.&nbsp; &nbsp;&nbsp;&nbsp; -Benvolgudes i benvolguts,&nbsp;<\/p>\n","protected":false},"author":1,"featured_media":0,"comment_status":"open","ping_status":"open","sticky":false,"template":"","format":"standard","meta":{"footnotes":""},"categories":[11],"tags":[],"class_list":["post-750","post","type-post","status-publish","format-standard","hentry","category-informacio-entitat"],"_links":{"self":[{"href":"http:\/\/uecvalltenes.com\/web\/wp-json\/wp\/v2\/posts\/750","targetHints":{"allow":["GET"]}}],"collection":[{"href":"http:\/\/uecvalltenes.com\/web\/wp-json\/wp\/v2\/posts"}],"about":[{"href":"http:\/\/uecvalltenes.com\/web\/wp-json\/wp\/v2\/types\/post"}],"author":[{"embeddable":true,"href":"http:\/\/uecvalltenes.com\/web\/wp-json\/wp\/v2\/users\/1"}],"replies":[{"embeddable":true,"href":"http:\/\/uecvalltenes.com\/web\/wp-json\/wp\/v2\/comments?post=750"}],"version-history":[{"count":2,"href":"http:\/\/uecvalltenes.com\/web\/wp-json\/wp\/v2\/posts\/750\/revisions"}],"predecessor-version":[{"id":755,"href":"http:\/\/uecvalltenes.com\/web\/wp-json\/wp\/v2\/posts\/750\/revisions\/755"}],"wp:attachment":[{"href":"http:\/\/uecvalltenes.com\/web\/wp-json\/wp\/v2\/media?parent=750"}],"wp:term":[{"taxonomy":"category","embeddable":true,"href":"http:\/\/uecvalltenes.com\/web\/wp-json\/wp\/v2\/categories?post=750"},{"taxonomy":"post_tag","embeddable":true,"href":"http:\/\/uecvalltenes.com\/web\/wp-json\/wp\/v2\/tags?post=750"}],"curies":[{"name":"wp","href":"https:\/\/api.w.org\/{rel}","templated":true}]}}