{"id":742,"date":"2025-12-09T13:10:11","date_gmt":"2025-12-09T13:10:11","guid":{"rendered":"https:\/\/uecvalltenes.com\/web\/?p=742"},"modified":"2025-12-09T13:14:57","modified_gmt":"2025-12-09T13:14:57","slug":"diumenge-14-12-2025-etapa-3-del-sender-gr-92-sender-de-la-mediterrania-de-cadaques-a-roses","status":"publish","type":"post","link":"http:\/\/uecvalltenes.com\/web\/2025\/diumenge-14-12-2025-etapa-3-del-sender-gr-92-sender-de-la-mediterrania-de-cadaques-a-roses\/","title":{"rendered":"-Diumenge, 14-12-2025, etapa 3, GR\u00ae 92 &#8211; SENDER DE LA MEDITERR\u00c0NIA, de Cadaqu\u00e9s a Roses."},"content":{"rendered":"\n<figure class=\"wp-block-image size-large\"><img loading=\"lazy\" decoding=\"async\" width=\"1024\" height=\"766\" src=\"https:\/\/uecvalltenes.com\/web\/wp-content\/uploads\/2025\/12\/1765236792755-1-1024x766.jpg\" alt=\"\" class=\"wp-image-743\" srcset=\"http:\/\/uecvalltenes.com\/web\/wp-content\/uploads\/2025\/12\/1765236792755-1-1024x766.jpg 1024w, http:\/\/uecvalltenes.com\/web\/wp-content\/uploads\/2025\/12\/1765236792755-1-300x224.jpg 300w, http:\/\/uecvalltenes.com\/web\/wp-content\/uploads\/2025\/12\/1765236792755-1-768x574.jpg 768w, http:\/\/uecvalltenes.com\/web\/wp-content\/uploads\/2025\/12\/1765236792755-1-1536x1149.jpg 1536w, http:\/\/uecvalltenes.com\/web\/wp-content\/uploads\/2025\/12\/1765236792755-1-2048x1532.jpg 2048w\" sizes=\"auto, (max-width: 1024px) 100vw, 1024px\" \/><\/figure>\n\n\n\n<p>Fotografia: Blanqu\u00edssim nucli urb\u00e0 de Cadaqu\u00e9s. Al fons, la serra de Rodes, encimbellat pel Puig Pen\u00ed.&nbsp;<\/p>\n\n\n\n<p><strong>-Diumenge, 14 de desembre de 2025, etapa 3 del sender GR\u00ae 92-SENDER DE LA MEDITERR\u00c0NIA, de Cadaqu\u00e9s a Roses.<\/strong><\/p>\n\n\n\n<p><strong>-DESCRIPCI\u00d3:<\/strong><\/p>\n\n\n\n<p>L\u2019etapa 3, del GR 92, tipus travessada, a la comarca de l\u2019Alt Empord\u00e0, de Cadaqu\u00e9s a Roses,&nbsp;amb una dist\u00e0ncia de 22 km, desnivell positiu de 645\u202fm, i desnivell negatiu de 642\u202fm aprox. dificultat moderada, etapa llarga i desnivells sortejant les cales per on passa.<\/p>\n\n\n\n<p>Aquesta etapa trescar\u00e0 pel sud de la pen\u00ednsula del Cap de Creus, comen\u00e7ant, allunyant-nos del litoral des de la poblaci\u00f3 de Cadaqu\u00e9s, muntanya amunt fent el primer fort desnivell positiu, per un antic cam\u00ed, entre antics conreus d\u2019oliveres.<\/p>\n\n\n\n<p>&nbsp;A les proximitats del isolat mas d\u2019en Baltre, estreps llevantins del Puig Pen\u00ed, planejarem per despr\u00e9s fer el descens i ens aproparem a la costa i ja no la deixarem, cap a la bonica cala J\u00f3ncols.<\/p>\n\n\n\n<p>&nbsp;Passarem pel Coll de Canadell, a tocar de la reserva integral del cap Norfeu, i avan\u00e7arem, fent i desfent desnivells, per les cales de la Pelosa, Montjoi, la Rostella, la Murtra i Lled\u00f3, i tra\u00e7ant a prop de les puntes Falconera, de l\u2019Almadrava, de l\u2019Ullastrell i de la Bateria, ja entrats a la zona urbana de la poblaci\u00f3 de dest\u00ed de l\u2019etapa, Roses.&nbsp;&nbsp; &nbsp;<\/p>\n\n\n\n<p>-El Mapa de l\u2019etapa 3:<\/p>\n\n\n\n<figure class=\"wp-block-image size-full\"><img loading=\"lazy\" decoding=\"async\" width=\"882\" height=\"443\" src=\"https:\/\/uecvalltenes.com\/web\/wp-content\/uploads\/2025\/12\/mapa-GR-92-etapa-3-cadaques-a-roses-1.jpg\" alt=\"\" class=\"wp-image-744\" srcset=\"http:\/\/uecvalltenes.com\/web\/wp-content\/uploads\/2025\/12\/mapa-GR-92-etapa-3-cadaques-a-roses-1.jpg 882w, http:\/\/uecvalltenes.com\/web\/wp-content\/uploads\/2025\/12\/mapa-GR-92-etapa-3-cadaques-a-roses-1-300x151.jpg 300w, http:\/\/uecvalltenes.com\/web\/wp-content\/uploads\/2025\/12\/mapa-GR-92-etapa-3-cadaques-a-roses-1-768x386.jpg 768w\" sizes=\"auto, (max-width: 882px) 100vw, 882px\" \/><\/figure>\n\n\n\n<p>-Dades i perfil de l\u2019etapa 3:<\/p>\n\n\n\n<figure class=\"wp-block-image size-large\"><img loading=\"lazy\" decoding=\"async\" width=\"1024\" height=\"244\" src=\"https:\/\/uecvalltenes.com\/web\/wp-content\/uploads\/2025\/12\/perfil-etapa-3-GR-92-1-1024x244.jpg\" alt=\"\" class=\"wp-image-745\" srcset=\"http:\/\/uecvalltenes.com\/web\/wp-content\/uploads\/2025\/12\/perfil-etapa-3-GR-92-1-1024x244.jpg 1024w, http:\/\/uecvalltenes.com\/web\/wp-content\/uploads\/2025\/12\/perfil-etapa-3-GR-92-1-300x72.jpg 300w, http:\/\/uecvalltenes.com\/web\/wp-content\/uploads\/2025\/12\/perfil-etapa-3-GR-92-1-768x183.jpg 768w, http:\/\/uecvalltenes.com\/web\/wp-content\/uploads\/2025\/12\/perfil-etapa-3-GR-92-1.jpg 1530w\" sizes=\"auto, (max-width: 1024px) 100vw, 1024px\" \/><\/figure>\n\n\n\n<p>&#8211; Cal dur esmorzar, aigua, ganyips, cal\u00e7at i roba adequada per caminades de 5 hores. Portar un tallavent\/ impermeable, barret o gorra i crema solar. Opcional l\u2019\u00fas de bastons.<\/p>\n\n\n\n<p>&nbsp;-La <strong>durada<\/strong> del recorregut \u00e9s de 5:25 h, aprox.<\/p>\n\n\n\n<p>&nbsp;<strong>-TROBADA, LOG\u00cdSTICA I INSCRIPCIONS:<\/strong><\/p>\n\n\n\n<p>&#8211; <strong>LLOC DE TROBADA<\/strong>: a les 6:30\u202fh al pati situat davant de la seu de l&#8217;entitat, carrer Barcelona, 25 de Lli\u00e7\u00e0 d&#8217;Amunt.<\/p>\n\n\n\n<p>&#8211; <strong>LOG\u00cdSTICA<\/strong>. SORTIDA a les 6:45\u202fh, direcci\u00f3 a Roses.<\/p>\n\n\n\n<p>NOVETAT: Despla\u00e7ament de Roses a Cadaqu\u00e9s, amb Bus. Hora de sortida del BUS, Estaci\u00f3 de Roses cap a Cadaqu\u00e9s, a les 8:45\u202fh. &nbsp;<\/p>\n\n\n\n<p>L&#8217;Organitzaci\u00f3 vetllar\u00e0 pel despla\u00e7ament compartint cotxes i despeses de despla\u00e7ament del punt de trobada al punt d&#8217;inici de la sortida i retorn, o b\u00e9, aquella gent inscrita, que ja es desplaci amb vehicle propi a Roses, a les 8:30 h a l\u2019estaci\u00f3 de Bus de Roses, carrer de la Riera dels Ginjolers. Es demana puntualitat.<\/p>\n\n\n\n<p>&#8211; <strong>INSCRIPCI\u00d3 I PREUS:<\/strong><\/p>\n\n\n\n<p><strong>*Inscripci\u00f3<\/strong>:<\/p>\n\n\n\n<p>-RESERVA: Totes les persones que vulguin participar han de fer la reserva, enviant un e-mail a <a href=\"mailto:uecvalltenes@gmail.com\" target=\"_blank\" rel=\"noreferrer noopener\">uecvalltenes@gmail.com<\/a> , amb les dades seg\u00fcents: nom i cognoms, n\u00fam. DNI, i n\u00fam. tel\u00e8fon m\u00f2bil, i dir si es disposa de llic\u00e8ncia FEEC 2025 o si cal tramitar asseguran\u00e7a temporal?<\/p>\n\n\n\n<p>&nbsp;&#8211; Obligatori tenir llic\u00e8ncia federativa FEEC (2025). Qui no en disposi, li podem tramitar una asseguran\u00e7a temporal per aquest dia per la trescada resseguint el GR\u00ae 92, etapa 3.<\/p>\n\n\n\n<p><strong>*Preus inscripci\u00f3:<\/strong><\/p>\n\n\n\n<p>-DESPLA\u00c7AMENTS:<\/p>\n\n\n\n<p>La participaci\u00f3, organitzats en vehicles, es fan c\u00e0rrec del repartiment de les despeses del despla\u00e7ament i del bitllet de Bus per aquesta etapa.<\/p>\n\n\n\n<p>-ASSEGURAN\u00c7A ACCIDENTS:<\/p>\n\n\n\n<p>Les persones associades a la UEC: han de fer la reserva i tenen inclosa una asseguran\u00e7a temporal per aquest dia, gratu\u00efta, si no se&#8217;n disposa.<\/p>\n\n\n\n<p>Les persones federades FEEC (2025) han de fer la reserva.<\/p>\n\n\n\n<p>Les persones no associades UEC: sense llic\u00e8ncia federativa han de fer un ingr\u00e9s 5\u202f\u20ac, i se&#8217;ls tramitar\u00e0 una asseguran\u00e7a temporal per aquest dia. Han d&#8217;enviar e-mail, sol\u00b7licitant el n\u00fam. de compte per fer l&#8217;ingr\u00e9s.<\/p>\n\n\n\n<p>Des de l&#8217;Organitzaci\u00f3, les dades de la Reserva, les necessitem per tal de comunicar-nos per qualsevol cosa, durant l&#8217;activitat.<\/p>\n\n\n\n<p>&nbsp;<strong>&#8211; DATA L\u00cdMIT INSCRIPCI\u00d3: dissabte, 13 de desembre de 2025.&nbsp;<\/strong><\/p>\n\n\n\n<p><strong>Important:<\/strong> En moltes de les etapes m\u00e9s llunyanes del sender GR\u00ae 92, tant inicials com finals, pel fet del despla\u00e7ament llarg, l\u2019organitzaci\u00f3 proposa dinar en les proximitats de l\u2019etapa, sigui en restaurant o dinar propi. Aquesta situaci\u00f3 condicionar\u00e0 la log\u00edstica.<\/p>\n\n\n\n<p>Tamb\u00e9, en cada etapa, ser\u00e0 d&#8217;aplicaci\u00f3 les recomanacions que l&#8217;autoritat competent manifesti i que afectin les activitats al medi natural. L\u2019Organitzaci\u00f3 en funci\u00f3 de les condicions meteorol\u00f2giques pot anul\u00b7lar o variar el tra\u00e7at de la ruta proposada, per q\u00fcestions de seguretat.<\/p>\n\n\n\n<p>Us hi esperem!!!<\/p>\n\n\n\n<p>Salut i trescades&#8230;<\/p>\n\n\n\n<p>Organitzaci\u00f3 trescades UEC Vall del Tenes<\/p>\n\n\n\n<p><\/p>\n","protected":false},"excerpt":{"rendered":"<p>Fotografia: Blanqu\u00edssim nucli urb\u00e0 de Cadaqu\u00e9s. Al fons, la serra de Rodes, encimbellat pel Puig Pen\u00ed.&nbsp; -Diumenge, 14 de desembre de 2025, etapa 3 del<\/p>\n","protected":false},"author":1,"featured_media":0,"comment_status":"open","ping_status":"open","sticky":false,"template":"","format":"standard","meta":{"footnotes":""},"categories":[22,5,25],"tags":[],"class_list":["post-742","post","type-post","status-publish","format-standard","hentry","category-50e-aniversari-entitat-uec-vdt","category-excursionisme","category-gr-92"],"_links":{"self":[{"href":"http:\/\/uecvalltenes.com\/web\/wp-json\/wp\/v2\/posts\/742","targetHints":{"allow":["GET"]}}],"collection":[{"href":"http:\/\/uecvalltenes.com\/web\/wp-json\/wp\/v2\/posts"}],"about":[{"href":"http:\/\/uecvalltenes.com\/web\/wp-json\/wp\/v2\/types\/post"}],"author":[{"embeddable":true,"href":"http:\/\/uecvalltenes.com\/web\/wp-json\/wp\/v2\/users\/1"}],"replies":[{"embeddable":true,"href":"http:\/\/uecvalltenes.com\/web\/wp-json\/wp\/v2\/comments?post=742"}],"version-history":[{"count":2,"href":"http:\/\/uecvalltenes.com\/web\/wp-json\/wp\/v2\/posts\/742\/revisions"}],"predecessor-version":[{"id":748,"href":"http:\/\/uecvalltenes.com\/web\/wp-json\/wp\/v2\/posts\/742\/revisions\/748"}],"wp:attachment":[{"href":"http:\/\/uecvalltenes.com\/web\/wp-json\/wp\/v2\/media?parent=742"}],"wp:term":[{"taxonomy":"category","embeddable":true,"href":"http:\/\/uecvalltenes.com\/web\/wp-json\/wp\/v2\/categories?post=742"},{"taxonomy":"post_tag","embeddable":true,"href":"http:\/\/uecvalltenes.com\/web\/wp-json\/wp\/v2\/tags?post=742"}],"curies":[{"name":"wp","href":"https:\/\/api.w.org\/{rel}","templated":true}]}}