{"id":582,"date":"2025-04-07T12:56:20","date_gmt":"2025-04-07T12:56:20","guid":{"rendered":"https:\/\/uecvalltenes.com\/web\/?p=582"},"modified":"2025-04-07T12:56:22","modified_gmt":"2025-04-07T12:56:22","slug":"4a-la-senders-llicanenca-2025-caminada-popular-per-llica-damunt-27-04-2025","status":"publish","type":"post","link":"http:\/\/uecvalltenes.com\/web\/2025\/4a-la-senders-llicanenca-2025-caminada-popular-per-llica-damunt-27-04-2025\/","title":{"rendered":"4a &#8220;La Senders Lli\u00e7anenca&#8221; 2025, Caminada Popular per Lli\u00e7\u00e0 d&#8217;Amunt, 27-04-2025"},"content":{"rendered":"\n<figure class=\"wp-block-image size-large\"><img loading=\"lazy\" decoding=\"async\" width=\"1024\" height=\"759\" src=\"https:\/\/uecvalltenes.com\/web\/wp-content\/uploads\/2025\/04\/FLYER-LA-SENDERS-2025-1024x759.jpg\" alt=\"\" class=\"wp-image-584\" srcset=\"http:\/\/uecvalltenes.com\/web\/wp-content\/uploads\/2025\/04\/FLYER-LA-SENDERS-2025-1024x759.jpg 1024w, http:\/\/uecvalltenes.com\/web\/wp-content\/uploads\/2025\/04\/FLYER-LA-SENDERS-2025-300x222.jpg 300w, http:\/\/uecvalltenes.com\/web\/wp-content\/uploads\/2025\/04\/FLYER-LA-SENDERS-2025-768x569.jpg 768w, http:\/\/uecvalltenes.com\/web\/wp-content\/uploads\/2025\/04\/FLYER-LA-SENDERS-2025-1536x1139.jpg 1536w, http:\/\/uecvalltenes.com\/web\/wp-content\/uploads\/2025\/04\/FLYER-LA-SENDERS-2025.jpg 1600w\" sizes=\"auto, (max-width: 1024px) 100vw, 1024px\" \/><\/figure>\n\n\n\n<p><\/p>\n\n\n\n<p><strong>La 4a. &#8220;LA SENDERS LLI\u00c7ANENCA&#8221; 2025, pel diumenge dia 27 d&#8217;abril de 2025 a Lli\u00e7\u00e0 d&#8217;Amunt.<\/strong><\/p>\n\n\n\n<p>Us presentem <strong>\u201cLa Senders Lli\u00e7anenca 2025\u201d<\/strong>. Es tracta d\u2019una caminada, no competitiva, circular, oberta a tothom,&nbsp;amb l&#8217;objectiu de promocionar i donar a con\u00e8ixer els senders lli\u00e7anencs degudament senyalitzats al poble, i altres camins i corriols de gran inter\u00e8s que tenim a Lli\u00e7\u00e0 d&#8217;Amunt.<\/p>\n\n\n\n<p>El lloc de sortida i arribada ser\u00e0 des del Pati, situat davant de la seu de l\u2019entitat, al&nbsp;carrer Barcelona n\u00fam. 25 de Lli\u00e7\u00e0 d&#8217;Amunt.<\/p>\n\n\n\n<p>Constar\u00e0 de dos recorreguts, un de Llarg de 14 km i 210 m de desnivell positiu i dificultat moderada, i un de Curt de 6 km i 100 m de desnivell positiu i dificultat f\u00e0cil. El recorregut Llarg i el recorregut Curt estan ubicats en el sector del pla del Tenes i la serra propera del marge dret del riu, enlla\u00e7ant camins i corriols de descoberta.<\/p>\n\n\n\n<p>Tota la informaci\u00f3 d&#8217;inscripcions, recorreguts, i normativa de la Caminada la trobareu al web de l&#8217;entitat: <a href=\"http:\/\/www.uecvalltenes.com\" target=\"_blank\" rel=\"noreferrer noopener\">www.uecvalltenes.com<\/a><\/p>\n\n\n\n<p>&nbsp;Us adjuntem el d\u00edptic de la 4a. \u201cLa Senders Lli\u00e7anenca\u201d 2025\u2026<\/p>\n\n\n\n<p>\u00a0<\/p>\n\n\n\n<div data-wp-interactive=\"core\/file\" class=\"wp-block-file\"><object data-wp-bind--hidden=\"!state.hasPdfPreview\" hidden class=\"wp-block-file__embed\" data=\"https:\/\/uecvalltenes.com\/web\/wp-content\/uploads\/2025\/04\/Diptic-la-senders-2025.pdf\" type=\"application\/pdf\" style=\"width:100%;height:600px\" aria-label=\"Incrustaci\u00f3 del fitxer D\u00edptic la senders 2025.\"><\/object><a id=\"wp-block-file--media-2904d9b3-4acf-4b8b-9b39-0bf7b17ee24f\" href=\"https:\/\/uecvalltenes.com\/web\/wp-content\/uploads\/2025\/04\/Diptic-la-senders-2025.pdf\">D\u00edptic la senders 2025<\/a><a href=\"https:\/\/uecvalltenes.com\/web\/wp-content\/uploads\/2025\/04\/Diptic-la-senders-2025.pdf\" class=\"wp-block-file__button wp-element-button\" download aria-describedby=\"wp-block-file--media-2904d9b3-4acf-4b8b-9b39-0bf7b17ee24f\">Baixa<\/a><\/div>\n\n\n\n<p><strong>-NO US PERDEU LA CAMINADA!!!!<\/strong><\/p>\n\n\n\n<p>Si us ve de gust estirar les cames per un rac\u00f3 del Vall\u00e8s Oriental, &nbsp;us hi esperem\u2026<\/p>\n\n\n\n<p><strong>Organitzaci\u00f3 \u201cLa Senders Lli\u00e7anenca 2025\u201d de la UEC Vall del Tenes<\/strong><\/p>\n","protected":false},"excerpt":{"rendered":"<p>La 4a. &#8220;LA SENDERS LLI\u00c7ANENCA&#8221; 2025, pel diumenge dia 27 d&#8217;abril de 2025 a Lli\u00e7\u00e0 d&#8217;Amunt. Us presentem \u201cLa Senders Lli\u00e7anenca 2025\u201d. Es tracta d\u2019una<\/p>\n","protected":false},"author":1,"featured_media":0,"comment_status":"open","ping_status":"open","sticky":false,"template":"","format":"standard","meta":{"footnotes":""},"categories":[12,5],"tags":[],"class_list":["post-582","post","type-post","status-publish","format-standard","hentry","category-la-senders-llicanenca","category-excursionisme"],"_links":{"self":[{"href":"http:\/\/uecvalltenes.com\/web\/wp-json\/wp\/v2\/posts\/582","targetHints":{"allow":["GET"]}}],"collection":[{"href":"http:\/\/uecvalltenes.com\/web\/wp-json\/wp\/v2\/posts"}],"about":[{"href":"http:\/\/uecvalltenes.com\/web\/wp-json\/wp\/v2\/types\/post"}],"author":[{"embeddable":true,"href":"http:\/\/uecvalltenes.com\/web\/wp-json\/wp\/v2\/users\/1"}],"replies":[{"embeddable":true,"href":"http:\/\/uecvalltenes.com\/web\/wp-json\/wp\/v2\/comments?post=582"}],"version-history":[{"count":1,"href":"http:\/\/uecvalltenes.com\/web\/wp-json\/wp\/v2\/posts\/582\/revisions"}],"predecessor-version":[{"id":585,"href":"http:\/\/uecvalltenes.com\/web\/wp-json\/wp\/v2\/posts\/582\/revisions\/585"}],"wp:attachment":[{"href":"http:\/\/uecvalltenes.com\/web\/wp-json\/wp\/v2\/media?parent=582"}],"wp:term":[{"taxonomy":"category","embeddable":true,"href":"http:\/\/uecvalltenes.com\/web\/wp-json\/wp\/v2\/categories?post=582"},{"taxonomy":"post_tag","embeddable":true,"href":"http:\/\/uecvalltenes.com\/web\/wp-json\/wp\/v2\/tags?post=582"}],"curies":[{"name":"wp","href":"https:\/\/api.w.org\/{rel}","templated":true}]}}