{"id":523,"date":"2024-11-16T00:03:20","date_gmt":"2024-11-16T00:03:20","guid":{"rendered":"https:\/\/uecvalltenes.com\/web\/?p=523"},"modified":"2024-11-16T00:03:22","modified_gmt":"2024-11-16T00:03:22","slug":"tov-12-santa-fe-del-montseny-a-gualba-pel-diumenge-dia-17-11-2024","status":"publish","type":"post","link":"http:\/\/uecvalltenes.com\/web\/2024\/tov-12-santa-fe-del-montseny-a-gualba-pel-diumenge-dia-17-11-2024\/","title":{"rendered":"TOV 12: SANTA FE DEL MONTSENY A GUALBA, PEL DIUMENGE, DIA 17\/11\/2024."},"content":{"rendered":"\n<p>\u00a0\u00a0\u00a0\u00a0\u00a0\u00a0\u00a0\u00a0\u00a0\u00a0\u00a0\u00a0\u00a0\u00a0\u00a0\u00a0\u00a0\u00a0 <\/p>\n\n\n\n<figure class=\"wp-block-image size-full\"><img loading=\"lazy\" decoding=\"async\" width=\"483\" height=\"361\" src=\"https:\/\/uecvalltenes.com\/web\/wp-content\/uploads\/2024\/11\/image.png\" alt=\"\" class=\"wp-image-524\" srcset=\"http:\/\/uecvalltenes.com\/web\/wp-content\/uploads\/2024\/11\/image.png 483w, http:\/\/uecvalltenes.com\/web\/wp-content\/uploads\/2024\/11\/image-300x224.png 300w\" sizes=\"auto, (max-width: 483px) 100vw, 483px\" \/><\/figure>\n\n\n\n<p>Fotografia: Tardor de 2024 a Passavets, s\u00f2l gran\u00edtic, fageda i la riera, conflu\u00e8ncia de les aig\u00fces dels Sots provinents d\u2019aquest vessant, de tota la carena cimera montsenyenca.<\/p>\n\n\n\n<p><strong>TOMB ORIENTAL VALL\u00c8S (TOV) A PEU<\/strong><\/p>\n\n\n\n<p><strong>&nbsp;&nbsp;&nbsp;&nbsp;&nbsp;&nbsp;&nbsp;&nbsp;&nbsp;&nbsp;&nbsp;&nbsp;&nbsp;&nbsp;&nbsp;&nbsp;&nbsp;&nbsp; DIUMENGE DIA 17 DE NOVEMBRE DE 2024: TOV, ETAPA 12<\/strong><\/p>\n\n\n\n<p><strong>&nbsp;&nbsp;&nbsp;&nbsp;&nbsp;&nbsp;&nbsp;&nbsp;&nbsp;&nbsp;&nbsp;&nbsp;&nbsp;&nbsp;&nbsp;&nbsp;&nbsp;&nbsp;&nbsp;&nbsp;&nbsp;&nbsp;&nbsp;&nbsp;&nbsp;&nbsp;&nbsp;&nbsp;&nbsp;&nbsp;&nbsp;&nbsp;&nbsp;&nbsp;&nbsp;&nbsp;&nbsp;&nbsp;&nbsp;&nbsp;&nbsp;&nbsp;&nbsp; DE &nbsp;SANTA FE DEL MONTSENY A GUALBA<\/strong><\/p>\n\n\n\n<p>Pel diumenge, dia 17 de novembre de 2024, tenim programada l&#8217;etapa 12 del TOV : de Santa Fe del Montseny a Gualba.<\/p>\n\n\n\n<p>Etapa tipus travessa, al Parc Natural del Montseny, trescant en descens de l\u2019aparcament de la Font de Passavets (1.208 m) fins a l\u2019esgl\u00e9sia de Sant Vicen\u00e7 (177 m), al bell mig de Gualba.<\/p>\n\n\n\n<p>La travessada t\u00e9 una dist\u00e0ncia d\u2019 11\u20199 km, un desnivell positiu de 42\u202fm, i un desnivell negatiu de 1.074 m. El recorregut de la ruta ressegueix en descens la riera de Gualba, acomboiats pels senders PR- C208 i PR- C211, passant per la Font del Frare, el pont sobre la riera de Santa Fe, l\u2019Estanyol, la Fabriqueta, Pant\u00e0 de Santa Fe del Montseny, Cal Ferrer, Gorg Negre, el Suro de la Pedra, Parc mediambiental de Gualba, i dest\u00ed de l\u2019etapa a la Sagrera de Gualba. Dificultat moderada.<\/p>\n\n\n\n<p>&#8211; <strong>Lloc de trobada<\/strong>: a les 7:15 h al pati davant la seu de l&#8217;entitat, c\/. Barcelona, 25 de Lli\u00e7\u00e0 d&#8217;Amunt).<\/p>\n\n\n\n<p><strong>IMPORTANT: LOG\u00cdSTICA<\/strong>. Sortida a les 7:30\u202fh, direcci\u00f3 a Santa Fe del Montseny, aparcament de la Font de Passavets. Organitzaci\u00f3 del despla\u00e7ament compartint cotxes i despeses o b\u00e9 al punt de sortida de l&#8217;etapa 12, a les 8:40 h, a l\u2019aparcament de la Font de Passavets. L&#8217;Organitzaci\u00f3 facilitar\u00e0 el retorn de Gualba a Santa Fe del Montseny.<\/p>\n\n\n\n<p>&#8211; <strong>Cal tenir en compte<\/strong>: aigua, esmorzar, ganyips, cal\u00e7at (bota de canya mitjana) i roba adequada per caminades de 3 a 4 hores. Portar un tallavent\/ impermeable i recomanable l&#8217;\u00fas de bastons de trekking.<\/p>\n\n\n\n<p>&#8211; <strong>Obligatori<\/strong> tenir llic\u00e8ncia federativa FEEC (2024). Qui no en disposi, li podem tramitar una asseguran\u00e7a temporal per aquest dia per la caminada del TOMB.<\/p>\n\n\n\n<p>&#8211; <strong>Inscripci\u00f3 i preus:<\/strong><\/p>\n\n\n\n<p><strong>*Inscripci\u00f3:<\/strong><\/p>\n\n\n\n<p>Totes les persones que vulguin participar han de fer la RESERVA, enviant e-mail a <a href=\"mailto:uecvalltenes@gmail.com\">uecvalltenes@gmail.com<\/a> &nbsp;amb les dades seg\u00fcents: <strong>nom i cognoms, n\u00fam. DNI, i n\u00fam. tel\u00e8fon m\u00f2bil,<\/strong> i dir si es disposa de llic\u00e8ncia o cal tramitar temporal?<\/p>\n\n\n\n<p><strong>*Preus:<\/strong><\/p>\n\n\n\n<p>La participaci\u00f3, organitzats en vehicles, es fan c\u00e0rrec del repartiment de les despeses del despla\u00e7ament.<\/p>\n\n\n\n<p><strong>Les persones associades a la UEC<\/strong>: han de fer la reserva i tenen inclosa una asseguran\u00e7a temporal per aquest dia, gratu\u00efta, si no se&#8217;n disposa.<\/p>\n\n\n\n<p><strong>Les persones federades FEEC (2024)<\/strong> han de fer la reserva.<\/p>\n\n\n\n<p><strong>Les persones no associades UEC: sense llic\u00e8ncia federativa<\/strong> han de fer un ingr\u00e9s 5\u202f\u20ac, i se&#8217;ls tramitar\u00e0 una asseguran\u00e7a temporal per aquest dia. Han d&#8217;enviar e-mail, sol\u00b7licitant el n\u00fam. de compte per fer l&#8217;ingr\u00e9s.<\/p>\n\n\n\n<p><strong>Des de l&#8217;Organitzaci\u00f3, les dades de la Reserva, les necessitem per tal de comunicar-nos per qualsevol cosa, durant l&#8217;activitat<\/strong>.<\/p>\n\n\n\n<p>&#8211; <strong>Data l\u00edmit<\/strong> <strong>d&#8217;inscripci\u00f3<\/strong>: mitjanit de dissabte, 16 de novembre.<\/p>\n\n\n\n<p>Us adjuntem mapa i perfil de l&#8217;etapa 12:<\/p>\n\n\n\n<figure class=\"wp-block-image size-full\"><img loading=\"lazy\" decoding=\"async\" width=\"604\" height=\"428\" src=\"https:\/\/uecvalltenes.com\/web\/wp-content\/uploads\/2024\/11\/image-1.png\" alt=\"\" class=\"wp-image-525\" srcset=\"http:\/\/uecvalltenes.com\/web\/wp-content\/uploads\/2024\/11\/image-1.png 604w, http:\/\/uecvalltenes.com\/web\/wp-content\/uploads\/2024\/11\/image-1-300x213.png 300w\" sizes=\"auto, (max-width: 604px) 100vw, 604px\" \/><\/figure>\n\n\n\n<figure class=\"wp-block-image size-full\"><img loading=\"lazy\" decoding=\"async\" width=\"407\" height=\"288\" src=\"https:\/\/uecvalltenes.com\/web\/wp-content\/uploads\/2024\/11\/image-2.png\" alt=\"\" class=\"wp-image-526\" srcset=\"http:\/\/uecvalltenes.com\/web\/wp-content\/uploads\/2024\/11\/image-2.png 407w, http:\/\/uecvalltenes.com\/web\/wp-content\/uploads\/2024\/11\/image-2-300x212.png 300w\" sizes=\"auto, (max-width: 407px) 100vw, 407px\" \/><\/figure>\n\n\n\n<p>Salutacions!!!!<\/p>\n\n\n\n<p>L&#8217;equip de junta<\/p>\n\n\n\n<p>UEC \u2013 Vall del Tenes<\/p>\n","protected":false},"excerpt":{"rendered":"<p>\u00a0\u00a0\u00a0\u00a0\u00a0\u00a0\u00a0\u00a0\u00a0\u00a0\u00a0\u00a0\u00a0\u00a0\u00a0\u00a0\u00a0\u00a0 Fotografia: Tardor de 2024 a Passavets, s\u00f2l gran\u00edtic, fageda i la riera, conflu\u00e8ncia de les aig\u00fces dels Sots provinents d\u2019aquest vessant, de tota la<\/p>\n","protected":false},"author":1,"featured_media":0,"comment_status":"open","ping_status":"open","sticky":false,"template":"","format":"standard","meta":{"footnotes":""},"categories":[5,6],"tags":[],"class_list":["post-523","post","type-post","status-publish","format-standard","hentry","category-excursionisme","category-el-tomb"],"_links":{"self":[{"href":"http:\/\/uecvalltenes.com\/web\/wp-json\/wp\/v2\/posts\/523","targetHints":{"allow":["GET"]}}],"collection":[{"href":"http:\/\/uecvalltenes.com\/web\/wp-json\/wp\/v2\/posts"}],"about":[{"href":"http:\/\/uecvalltenes.com\/web\/wp-json\/wp\/v2\/types\/post"}],"author":[{"embeddable":true,"href":"http:\/\/uecvalltenes.com\/web\/wp-json\/wp\/v2\/users\/1"}],"replies":[{"embeddable":true,"href":"http:\/\/uecvalltenes.com\/web\/wp-json\/wp\/v2\/comments?post=523"}],"version-history":[{"count":1,"href":"http:\/\/uecvalltenes.com\/web\/wp-json\/wp\/v2\/posts\/523\/revisions"}],"predecessor-version":[{"id":527,"href":"http:\/\/uecvalltenes.com\/web\/wp-json\/wp\/v2\/posts\/523\/revisions\/527"}],"wp:attachment":[{"href":"http:\/\/uecvalltenes.com\/web\/wp-json\/wp\/v2\/media?parent=523"}],"wp:term":[{"taxonomy":"category","embeddable":true,"href":"http:\/\/uecvalltenes.com\/web\/wp-json\/wp\/v2\/categories?post=523"},{"taxonomy":"post_tag","embeddable":true,"href":"http:\/\/uecvalltenes.com\/web\/wp-json\/wp\/v2\/tags?post=523"}],"curies":[{"name":"wp","href":"https:\/\/api.w.org\/{rel}","templated":true}]}}