{"id":412,"date":"2024-02-02T14:51:36","date_gmt":"2024-02-02T14:51:36","guid":{"rendered":"https:\/\/uecvalltenes.com\/web\/?p=412"},"modified":"2024-02-02T14:51:37","modified_gmt":"2024-02-02T14:51:37","slug":"pel-diumenge-dia-11-de-febrer-de-2024-etapa-9-del-gr-5-dels-pobles-daiguafreda-a-montseny-recorregut-per-les-comarques-del-valles-oriental-i-osona","status":"publish","type":"post","link":"http:\/\/uecvalltenes.com\/web\/2024\/pel-diumenge-dia-11-de-febrer-de-2024-etapa-9-del-gr-5-dels-pobles-daiguafreda-a-montseny-recorregut-per-les-comarques-del-valles-oriental-i-osona\/","title":{"rendered":"Pel diumenge, dia 11 de febrer de 2024, etapa 9 del  GR 5, dels pobles d&#8217;Aiguafreda a Montseny (Recorregut per les comarques del Vall\u00e8s Oriental i Osona)."},"content":{"rendered":"\n<figure class=\"wp-block-image size-large\"><img loading=\"lazy\" decoding=\"async\" width=\"1024\" height=\"766\" src=\"https:\/\/uecvalltenes.com\/web\/wp-content\/uploads\/2024\/02\/1706620315202-1024x766.jpg\" alt=\"\" class=\"wp-image-413\" srcset=\"http:\/\/uecvalltenes.com\/web\/wp-content\/uploads\/2024\/02\/1706620315202-1024x766.jpg 1024w, http:\/\/uecvalltenes.com\/web\/wp-content\/uploads\/2024\/02\/1706620315202-300x224.jpg 300w, http:\/\/uecvalltenes.com\/web\/wp-content\/uploads\/2024\/02\/1706620315202-768x574.jpg 768w, http:\/\/uecvalltenes.com\/web\/wp-content\/uploads\/2024\/02\/1706620315202-1536x1149.jpg 1536w, http:\/\/uecvalltenes.com\/web\/wp-content\/uploads\/2024\/02\/1706620315202-2048x1532.jpg 2048w\" sizes=\"auto, (max-width: 1024px) 100vw, 1024px\" \/><\/figure>\n\n\n\n<p>(Fotografia: El Vilar de la Castanya, al sector de la Castanya, als l\u00edmits del terme del Brull (Osona), protegida com a B\u00e9 Cultural d&#8217;Inter\u00e8s Local).<\/p>\n\n\n\n<p>Hola a tothom,<\/p>\n\n\n\n<p>-Pel diumenge, dia 11 de febrer de 2024, tenim programada l&#8217;etapa 9 del GR 5: dels pobles d&#8217;Aiguafreda al de Montseny.<\/p>\n\n\n\n<p>-\u00c9s una etapa llarga, tipus travessa, amb una dist\u00e0ncia de 22,735 km, desnivell positiu de 1.278\u202fm, i desnivell negatiu de 1.155\u202fm. La dificultat excursionista \u00e9s moderada, tan f\u00edsica com t\u00e8cnica, ascens del desnivell positiu al principi, per corriol i pista al Pla de la Calma. En el Pla del Caf\u00e8, descens cap al poble de Montseny, per corriol i pista. Gran part per la comarca del Vall\u00e8s Oriental, i en el sector de la Castanya, terme del Brull, comarca d&#8217;Osona.<\/p>\n\n\n\n<p>-La durada \u00e9s de 6:00\u202fh. Aprox., amb una dificultat moderada, gran part del recorregut \u00e9s per pista i corriols, a tenir en compte la dist\u00e0ncia i els desnivells.<\/p>\n\n\n\n<p>-Situats al poble d&#8217;Aiguafreda, al mon\u00f2lit del GR 2 i GR 5 iniciem el recorregut, cap al centre de la vila, cerquem el riu Avenc\u00f3, el Pont de la Xoriguera, i comencem l&#8217;ascens cap a can Puig-agut i collet de St. Mart\u00ed al peu del Tur\u00f3 de Tagamanent, passem pel Bellver i l&#8217;Agust\u00ed a la Calma, i seguint per pista fins al Pla de la Llacuna, collet de la Font del Ginebre cap al Pla del Caf\u00e8. En aquest punt, el Caf\u00e8, deixem l&#8217;inici de la variant del GR 5.2 i ens desviem cap al Torrent del Sot del Caf\u00e8 i la Riera de la Castanya, passant pel Vilar de la Castanya, l&#8217;Adrobau, el mol\u00ed de l&#8217;Adrobau, l&#8217;ermita de St. Mart\u00ed del Montseny, la Su\u00efssa Catalana i direcci\u00f3 paral\u00b7lels a la carretera cap a l&#8217;esgl\u00e9sia i Ajuntament de Montseny, lloc final de la ruta.<\/p>\n\n\n\n<p>&#8211; LLOC DE TROBADA: a les 7:45\u202fh al pati de davant de l&#8217;Escola de M\u00fasica de la Vall del Tenes, al costat de la seu de l&#8217;entitat, carrer Barcelona, 25 de Lli\u00e7\u00e0 d&#8217;Amunt.<\/p>\n\n\n\n<p>&#8211; IMPORTANT: NOVA LOG\u00cdSTICA. SORTIDA a les 8:00\u202fh, direcci\u00f3 a Aiguafreda. Aparcament a l&#8217;entrada del poble, al costat del Mon\u00f2lit dels GR 2 i GR 5.<\/p>\n\n\n\n<p>L&#8217;Organitzaci\u00f3 vetllar\u00e0 pel despla\u00e7ament compartint cotxes i despeses de despla\u00e7ament del punt de trobada al punt d&#8217;inici de la sortida, o b\u00e9, aquella gent inscrita, que ja es desplaci amb vehicle propi al punt d&#8217;inici de l&#8217;etapa 9, en aquest punt hi ha de ser, a les 8:20\u202fh. Mat\u00ed. L&#8217;Organitzaci\u00f3 gestionar\u00e0 el retorn dels conductors de vehicle, del punt final al d&#8217;inici.<\/p>\n\n\n\n<p>&#8211; Cal portar esmorzar i dinar, ja que \u00e9s una etapa llarga. Cal dur: aigua, ganyips, cal\u00e7at (recomanable bota de canya mitjana i l&#8217;\u00fas de bastons de trekking) i roba adequada per caminades de 5 a 6 hores. Portar un tallavent\/ impermeable.<\/p>\n\n\n\n<p>&#8211; Obligatori tenir llic\u00e8ncia federativa FEEC (2024). Qui no en disposi, li podem tramitar una asseguran\u00e7a temporal per aquest dia per la trescada resseguint el GR 5, etapa 9.<\/p>\n\n\n\n<p>&#8211; INSCRIPCI\u00d3 I PREUS:<\/p>\n\n\n\n<p>*Inscripci\u00f3:<\/p>\n\n\n\n<p>-RESERVA: Totes les persones que vulguin participar han de fer la RESERVA, enviant un e-mail a <a href=\"mailto:uecvalltenes@gmail.com\">uecvalltenes@gmail.com<\/a>, amb les dades seg\u00fcents: nom i cognoms, n\u00fam. DNI, i n\u00fam. tel\u00e8fon m\u00f2bil, i dir si es disposa de llic\u00e8ncia FEEC 2024 o si cal tramitar asseguran\u00e7a temporal?<\/p>\n\n\n\n<p>*Preus inscripci\u00f3:<\/p>\n\n\n\n<p>-DESPLA\u00c7AMENTS:<\/p>\n\n\n\n<p>La participaci\u00f3, organitzats en vehicles, es fan c\u00e0rrec del repartiment de les despeses del despla\u00e7ament.<\/p>\n\n\n\n<p>-ASSEGURAN\u00c7A ACCIDENTS:<\/p>\n\n\n\n<p>Les persones associades a la UEC: han de fer la reserva i tenen inclosa una asseguran\u00e7a temporal per aquest dia, gratu\u00efta, si no se&#8217;n disposa.<\/p>\n\n\n\n<p>Les persones federades FEEC (2024) han de fer la reserva.<\/p>\n\n\n\n<p>Les persones no associades UEC: sense llic\u00e8ncia federativa han de fer un ingr\u00e9s 5\u202f\u20ac, i se&#8217;ls tramitar\u00e0 una asseguran\u00e7a temporal per aquest dia. Han d&#8217;enviar e-mail, sol\u00b7licitant el n\u00fam. de compte per fer l&#8217;ingr\u00e9s.<\/p>\n\n\n\n<p>Des de l&#8217;Organitzaci\u00f3, les dades de la Reserva, les necessitem per tal de comunicar-nos per qualsevol cosa, durant l&#8217;activitat.<\/p>\n\n\n\n<p>&#8211; DATA L\u00cdMIT INSCRIPCI\u00d3: divendres dia 9 de febrer de 2024.<\/p>\n\n\n\n<p>-Important: Com en cada etapa, ser\u00e0 d&#8217;aplicaci\u00f3 les recomanacions que l&#8217;autoritat competent manifesti i que afectin les activitats al medi natural.<\/p>\n\n\n\n<p>En l&#8217;enlla\u00e7 web de la FEEC, a l&#8217;apartat de la xarxa de senders de Catalunya, el GR 5 i l&#8217;etapa 9 que tenim programada, trobareu la ruta proposada&#8230;<\/p>\n\n\n\n<figure class=\"wp-block-embed is-type-wp-embed is-provider-feec wp-block-embed-feec\"><div class=\"wp-block-embed__wrapper\">\n<blockquote class=\"wp-embedded-content\" data-secret=\"Hrp0yCEeJN\"><a href=\"https:\/\/senders.feec.cat\/etapa\/gr-5-etapa-9\/\">GR\u00ae 5 Etapa 9<\/a><\/blockquote><iframe loading=\"lazy\" class=\"wp-embedded-content\" sandbox=\"allow-scripts\" security=\"restricted\" style=\"position: absolute; clip: rect(1px, 1px, 1px, 1px);\" title=\"&#8220;GR\u00ae 5 Etapa 9&#8221; &#8212; FEEC\" src=\"https:\/\/senders.feec.cat\/etapa\/gr-5-etapa-9\/embed\/#?secret=HyytzLKVix#?secret=Hrp0yCEeJN\" data-secret=\"Hrp0yCEeJN\" width=\"600\" height=\"338\" frameborder=\"0\" marginwidth=\"0\" marginheight=\"0\" scrolling=\"no\"><\/iframe>\n<\/div><\/figure>\n\n\n\n<p>Si us animeu, ja ho sabeu&#8230;<\/p>\n\n\n\n<p>Us hi esperem!!!<\/p>\n\n\n\n<p>Salut i trescades&#8230;<\/p>\n\n\n\n<p>Organitzaci\u00f3 trescades UEC VdT<\/p>\n","protected":false},"excerpt":{"rendered":"<p>(Fotografia: El Vilar de la Castanya, al sector de la Castanya, als l\u00edmits del terme del Brull (Osona), protegida com a B\u00e9 Cultural d&#8217;Inter\u00e8s Local).<\/p>\n","protected":false},"author":1,"featured_media":0,"comment_status":"open","ping_status":"open","sticky":false,"template":"","format":"standard","meta":{"footnotes":""},"categories":[5,9,2],"tags":[],"class_list":["post-412","post","type-post","status-publish","format-standard","hentry","category-excursionisme","category-resseguint-el-gr-5","category-seccions"],"_links":{"self":[{"href":"http:\/\/uecvalltenes.com\/web\/wp-json\/wp\/v2\/posts\/412","targetHints":{"allow":["GET"]}}],"collection":[{"href":"http:\/\/uecvalltenes.com\/web\/wp-json\/wp\/v2\/posts"}],"about":[{"href":"http:\/\/uecvalltenes.com\/web\/wp-json\/wp\/v2\/types\/post"}],"author":[{"embeddable":true,"href":"http:\/\/uecvalltenes.com\/web\/wp-json\/wp\/v2\/users\/1"}],"replies":[{"embeddable":true,"href":"http:\/\/uecvalltenes.com\/web\/wp-json\/wp\/v2\/comments?post=412"}],"version-history":[{"count":1,"href":"http:\/\/uecvalltenes.com\/web\/wp-json\/wp\/v2\/posts\/412\/revisions"}],"predecessor-version":[{"id":414,"href":"http:\/\/uecvalltenes.com\/web\/wp-json\/wp\/v2\/posts\/412\/revisions\/414"}],"wp:attachment":[{"href":"http:\/\/uecvalltenes.com\/web\/wp-json\/wp\/v2\/media?parent=412"}],"wp:term":[{"taxonomy":"category","embeddable":true,"href":"http:\/\/uecvalltenes.com\/web\/wp-json\/wp\/v2\/categories?post=412"},{"taxonomy":"post_tag","embeddable":true,"href":"http:\/\/uecvalltenes.com\/web\/wp-json\/wp\/v2\/tags?post=412"}],"curies":[{"name":"wp","href":"https:\/\/api.w.org\/{rel}","templated":true}]}}