{"id":402,"date":"2024-01-03T23:08:00","date_gmt":"2024-01-03T23:08:00","guid":{"rendered":"https:\/\/uecvalltenes.com\/web\/?p=402"},"modified":"2024-02-02T14:42:37","modified_gmt":"2024-02-02T14:42:37","slug":"calendari-de-sortides-dexcursionisme-i-daudiovisuals-pel-2024","status":"publish","type":"post","link":"http:\/\/uecvalltenes.com\/web\/2024\/calendari-de-sortides-dexcursionisme-i-daudiovisuals-pel-2024\/","title":{"rendered":"Calendari de sortides d&#8217;excursionisme i d&#8217;audiovisuals pel 2024"},"content":{"rendered":"\n<figure class=\"wp-block-image size-large\"><img loading=\"lazy\" decoding=\"async\" width=\"1024\" height=\"766\" src=\"https:\/\/uecvalltenes.com\/web\/wp-content\/uploads\/2024\/01\/1701771667547-2-1024x766.jpg\" alt=\"\" class=\"wp-image-403\" srcset=\"http:\/\/uecvalltenes.com\/web\/wp-content\/uploads\/2024\/01\/1701771667547-2-1024x766.jpg 1024w, http:\/\/uecvalltenes.com\/web\/wp-content\/uploads\/2024\/01\/1701771667547-2-300x224.jpg 300w, http:\/\/uecvalltenes.com\/web\/wp-content\/uploads\/2024\/01\/1701771667547-2-768x574.jpg 768w, http:\/\/uecvalltenes.com\/web\/wp-content\/uploads\/2024\/01\/1701771667547-2-1536x1149.jpg 1536w, http:\/\/uecvalltenes.com\/web\/wp-content\/uploads\/2024\/01\/1701771667547-2-2048x1532.jpg 2048w\" sizes=\"auto, (max-width: 1024px) 100vw, 1024px\" \/><\/figure>\n\n\n\n<p>Fotografia: Tra\u00e7a de cam\u00ed per prat subalp\u00ed, entre ginebr\u00f3 nan,&nbsp; al Tur\u00f3 de la Bandera, cap al collet de&nbsp;l\u2019Home&nbsp;Mort, i tram final al cim del Matagalls, al fons a&nbsp;l\u2019esquerra. Ascensi\u00f3 des de Sant Bernat, del Matagalls, per cam\u00ed en terme Valles\u00e0.<\/p>\n\n\n\n<p><strong>Calendari de la programaci\u00f3 d\u2019excursions i d\u2019audiovisuals de la UEC Vall del Tenes:<\/strong><\/p>\n\n\n\n<p>Des de l\u2019entitat, hem posat dates a un conjunt d\u2019activitats excursionistes pel 2024, que esperem que siguin del vostre inter\u00e8s.<\/p>\n\n\n\n<p>Es tracta del calendari de la programaci\u00f3 de les sortides excursionistes pel sender GR 5 i el TOV (Tomb Oriental Vall\u00e8s a peu) per etapes, i de les caminades populars \u201c3a.La Senders Lli\u00e7anenca\u201d i la 41a.Marxa Passeig,\u00a0 pel 2024, i tamb\u00e9 del cicle d\u2019audiovisuals que fem cada any, a l\u2019aire lliure per l\u2019estiu.Ben aviat, anirem desgranant i fent-vos arribar tota la informaci\u00f3 de les activitats, ressenyes descriptives, normatives, inscripcions, etc, per si us ve de gust participar-hi.\u00a0\u00a0<br>Adjuntem calendari&#8230;<\/p>\n\n\n\n<figure class=\"wp-block-image size-large\"><img loading=\"lazy\" decoding=\"async\" width=\"1024\" height=\"724\" src=\"https:\/\/uecvalltenes.com\/web\/wp-content\/uploads\/2024\/02\/CALENDARI-2024-SENDERS-MXP-TOV-GR5_page-0001-1024x724.jpg\" alt=\"\" class=\"wp-image-409\" srcset=\"http:\/\/uecvalltenes.com\/web\/wp-content\/uploads\/2024\/02\/CALENDARI-2024-SENDERS-MXP-TOV-GR5_page-0001-1024x724.jpg 1024w, http:\/\/uecvalltenes.com\/web\/wp-content\/uploads\/2024\/02\/CALENDARI-2024-SENDERS-MXP-TOV-GR5_page-0001-300x212.jpg 300w, http:\/\/uecvalltenes.com\/web\/wp-content\/uploads\/2024\/02\/CALENDARI-2024-SENDERS-MXP-TOV-GR5_page-0001-768x543.jpg 768w, http:\/\/uecvalltenes.com\/web\/wp-content\/uploads\/2024\/02\/CALENDARI-2024-SENDERS-MXP-TOV-GR5_page-0001-1536x1087.jpg 1536w, http:\/\/uecvalltenes.com\/web\/wp-content\/uploads\/2024\/02\/CALENDARI-2024-SENDERS-MXP-TOV-GR5_page-0001-2048x1449.jpg 2048w\" sizes=\"auto, (max-width: 1024px) 100vw, 1024px\" \/><\/figure>\n\n\n\n<div data-wp-interactive=\"core\/file\" class=\"wp-block-file\"><object data-wp-bind--hidden=\"!state.hasPdfPreview\" hidden class=\"wp-block-file__embed\" data=\"https:\/\/uecvalltenes.com\/web\/wp-content\/uploads\/2024\/02\/CALENDARI-2024-SENDERS-MXP-TOV-GR5.pdf\" type=\"application\/pdf\" style=\"width:100%;height:600px\" aria-label=\"Incrustaci\u00f3 del fitxer CALENDARI-2024-SENDERS-MXP-TOV-GR5.\"><\/object><a id=\"wp-block-file--media-1cef07c6-6513-4f39-b1d0-b3573c983421\" href=\"https:\/\/uecvalltenes.com\/web\/wp-content\/uploads\/2024\/02\/CALENDARI-2024-SENDERS-MXP-TOV-GR5.pdf\">CALENDARI-2024-SENDERS-MXP-TOV-GR5<\/a><a href=\"https:\/\/uecvalltenes.com\/web\/wp-content\/uploads\/2024\/02\/CALENDARI-2024-SENDERS-MXP-TOV-GR5.pdf\" class=\"wp-block-file__button wp-element-button\" download aria-describedby=\"wp-block-file--media-1cef07c6-6513-4f39-b1d0-b3573c983421\">Baixa<\/a><\/div>\n\n\n\n<p>Una salutaci\u00f3 i bon any 2024 ple de trescades !!!<\/p>\n\n\n\n<p>Organitzaci\u00f3 Trescades de la UEC Vall del Tenes<\/p>\n","protected":false},"excerpt":{"rendered":"<p>Fotografia: Tra\u00e7a de cam\u00ed per prat subalp\u00ed, entre ginebr\u00f3 nan,&nbsp; al Tur\u00f3 de la Bandera, cap al collet de&nbsp;l\u2019Home&nbsp;Mort, i tram final al cim del<\/p>\n","protected":false},"author":1,"featured_media":0,"comment_status":"open","ping_status":"open","sticky":false,"template":"","format":"standard","meta":{"footnotes":""},"categories":[12,4,5,9,11,10,2,6],"tags":[],"class_list":["post-402","post","type-post","status-publish","format-standard","hentry","category-la-senders-llicanenca","category-audiovisuals","category-excursionisme","category-resseguint-el-gr-5","category-informacio-entitat","category-la-marxa-passeig-mxp","category-seccions","category-el-tomb"],"_links":{"self":[{"href":"http:\/\/uecvalltenes.com\/web\/wp-json\/wp\/v2\/posts\/402","targetHints":{"allow":["GET"]}}],"collection":[{"href":"http:\/\/uecvalltenes.com\/web\/wp-json\/wp\/v2\/posts"}],"about":[{"href":"http:\/\/uecvalltenes.com\/web\/wp-json\/wp\/v2\/types\/post"}],"author":[{"embeddable":true,"href":"http:\/\/uecvalltenes.com\/web\/wp-json\/wp\/v2\/users\/1"}],"replies":[{"embeddable":true,"href":"http:\/\/uecvalltenes.com\/web\/wp-json\/wp\/v2\/comments?post=402"}],"version-history":[{"count":2,"href":"http:\/\/uecvalltenes.com\/web\/wp-json\/wp\/v2\/posts\/402\/revisions"}],"predecessor-version":[{"id":411,"href":"http:\/\/uecvalltenes.com\/web\/wp-json\/wp\/v2\/posts\/402\/revisions\/411"}],"wp:attachment":[{"href":"http:\/\/uecvalltenes.com\/web\/wp-json\/wp\/v2\/media?parent=402"}],"wp:term":[{"taxonomy":"category","embeddable":true,"href":"http:\/\/uecvalltenes.com\/web\/wp-json\/wp\/v2\/categories?post=402"},{"taxonomy":"post_tag","embeddable":true,"href":"http:\/\/uecvalltenes.com\/web\/wp-json\/wp\/v2\/tags?post=402"}],"curies":[{"name":"wp","href":"https:\/\/api.w.org\/{rel}","templated":true}]}}