{"id":321,"date":"2023-06-11T14:20:13","date_gmt":"2023-06-11T14:20:13","guid":{"rendered":"http:\/\/uecvalltenes.com\/web\/?p=321"},"modified":"2023-06-11T14:20:14","modified_gmt":"2023-06-11T14:20:14","slug":"pel-sender-gr-5-etapa-7-de-sant-llorenc-savall-a-sant-feliu-de-codines-valles-occidental-i-oriental","status":"publish","type":"post","link":"http:\/\/uecvalltenes.com\/web\/2023\/pel-sender-gr-5-etapa-7-de-sant-llorenc-savall-a-sant-feliu-de-codines-valles-occidental-i-oriental\/","title":{"rendered":"Pel Sender GR 5, etapa 7, de Sant Lloren\u00e7 Savall a Sant Feliu de Codines (Vall\u00e8s Occidental i Oriental)."},"content":{"rendered":"\n<figure class=\"wp-block-image size-full\"><img loading=\"lazy\" decoding=\"async\" width=\"552\" height=\"413\" src=\"http:\/\/uecvalltenes.com\/web\/wp-content\/uploads\/2023\/06\/image.png\" alt=\"\" class=\"wp-image-322\" srcset=\"http:\/\/uecvalltenes.com\/web\/wp-content\/uploads\/2023\/06\/image.png 552w, http:\/\/uecvalltenes.com\/web\/wp-content\/uploads\/2023\/06\/image-300x224.png 300w\" sizes=\"auto, (max-width: 552px) 100vw, 552px\" \/><\/figure>\n\n\n\n<p>(Fotografia: El pas del sender GR 5 per Sant Feliu de Codines, amb la Creu de Terme. a la part alta del poble, fent \u00faltimes passes en descens de l&#8217;etapa 7).<\/p>\n\n\n\n<p>Hola a tothom,<\/p>\n\n\n\n<p>-Pel diumenge, dia 11 de juny de 2023, tenim programada l&#8217;etapa 7 del GR 5: de Sant Lloren\u00e7 Savall a Sant Feliu de Codines.<\/p>\n\n\n\n<p>-L&#8217;etapa proposada tipus travessa, t\u00e9 una dist\u00e0ncia de 13,524 km, un desnivell positiu de 508,7\u202fm, i desnivell negatiu de 499\u202fm, amb una dificultat moderada.<\/p>\n\n\n\n<p>-La durada \u00e9s de 3:30 h aprox., amb una dificultat moderada per la dist\u00e0ncia i desnivell (per\u00f2 f\u00e0cil quant a camins i corriols en bon estat).<\/p>\n\n\n\n<p>-El recorregut de l&#8217;etapa 7, resseguint el GR 5, va des de la Pla\u00e7a Major de Sant Lloren\u00e7 Savall, pel carrer del Ripoll, buscant i remuntant el torrent del Burc pel cam\u00ed de Castellar del Vall\u00e8s a Sant Lloren\u00e7 Savall, que m\u00e9s endavant el deixem per enfilar per corriol i pista cap al Serrat del Savi, al Serrat de la Codina, i cap al collet de Penjallops, amb bones vistes de la Mola de Sant Sadurn\u00ed (942 m). i del Castell de Gallifa. Seguim i passem per pista per les runes de Can Ciur\u00f3, i per corriol pel torrent del Sot de la Roca, enfilant seguidament, direcci\u00f3 a la part alta del poble de Sant Feliu de Codines, entrant per la Creu de Terme, i baixant buscant la pla\u00e7a J. Umbert i Ventura, final de l&#8217;etapa 7.<\/p>\n\n\n\n<p>&#8211; Lloc de trobada: a les 7:45\u202fh a l&#8217;aparcament de l&#8217;Institut de Lli\u00e7\u00e0, davant del camp de futbol de Lli\u00e7\u00e0 d&#8217;Amunt.<\/p>\n\n\n\n<p>&#8211; <strong>IMPORTANT: NOVA LOG\u00cdSTICA<\/strong>. Sortida a les 8:00\u202fh, direcci\u00f3 a Sant Lloren\u00e7 Savall. Organitzaci\u00f3 despla\u00e7ament compartint cotxes i despeses de despla\u00e7ament o b\u00e9 al punt de sortida de l&#8217;etapa 7, a les 8:45 h davant de la Pla\u00e7a Major de Sant Lloren\u00e7 Savall. L&#8217;Organitzaci\u00f3 facilitar\u00e0 el retorn de Sant Feliu de Codines a Sant Lloren\u00e7 Savall.<\/p>\n\n\n\n<p>&#8211; Cal tenir en compte: aigua, esmorzar, ganyips, cal\u00e7at (bota de canya mitjana) i roba adequada per caminades de 3 a 4 hores. Portar un tallavent\/ impermeable i recomanable l&#8217;\u00fas de bastons de trekking.<\/p>\n\n\n\n<p>&#8211; Obligatori tenir llic\u00e8ncia federativa FEEC (2023). Qui no en disposi, li podem tramitar una asseguran\u00e7a temporal per aquest dia per la trescada resseguint el GR 5, etapa 7.<\/p>\n\n\n\n<p>&#8211; Inscripci\u00f3 i preus:<\/p>\n\n\n\n<p>*Inscripci\u00f3:<\/p>\n\n\n\n<p>Totes les persones que vulguin participar han de fer la RESERVA, enviant un e-mail a <a href=\"mailto:uecvalltenes@gmail.com\">uecvalltenes@gmail.com<\/a> , amb les dades seg\u00fcents: nom i cognoms, n\u00fam. DNI, i n\u00fam. tel\u00e8fon m\u00f2bil, i dir si es disposa de llic\u00e8ncia FEEC 2023 o si cal tramitar asseguran\u00e7a temporal?<\/p>\n\n\n\n<p>*Preus inscripci\u00f3:<\/p>\n\n\n\n<p>La participaci\u00f3, organitzats en vehicles, es fan c\u00e0rrec del repartiment de les despeses del despla\u00e7ament.<\/p>\n\n\n\n<p>Les persones associades a la UEC: han de fer la reserva i tenen inclosa una asseguran\u00e7a temporal per aquest dia, gratu\u00efta, si no se&#8217;n disposa.<\/p>\n\n\n\n<p>Les persones federades FEEC (2023) han de fer la reserva.<\/p>\n\n\n\n<p>Les persones no associades UEC: sense llic\u00e8ncia federativa han de fer un ingr\u00e9s 5\u202f\u20ac, i se&#8217;ls tramitar\u00e0 una asseguran\u00e7a temporal per aquest dia. Han d&#8217;enviar e-mail, sol\u00b7licitant el n\u00fam. de compte per fer l&#8217;ingr\u00e9s.<\/p>\n\n\n\n<p>Des de l&#8217;Organitzaci\u00f3, les dades de la Reserva, les necessitem per tal de comunicar-nos per qualsevol cosa, durant l&#8217;activitat.<\/p>\n\n\n\n<p>&#8211; Data l\u00edmit d&#8217;inscripci\u00f3: 9 de juny de 2023.<\/p>\n\n\n\n<p>-Important: Com en cada etapa, ser\u00e0 d&#8217;aplicaci\u00f3 les recomanacions que l&#8217;autoritat competent manifesti i que afectin les activitats al medi natural.<\/p>\n\n\n\n<p>En l&#8217;enlla\u00e7 web de la FEEC, a l&#8217;apartat de la xarxa de senders de Catalunya, el GR 5 i l&#8217;etapa 7 que tenim programada, trobareu la ruta proposada&#8230;<\/p>\n\n\n\n<figure class=\"wp-block-embed is-type-wp-embed is-provider-feec wp-block-embed-feec\"><div class=\"wp-block-embed__wrapper\">\n<blockquote class=\"wp-embedded-content\" data-secret=\"ZBQWjhcW9d\"><a href=\"https:\/\/senders.feec.cat\/etapa\/gr-5-etapa-7\/\">GR\u00ae 5 Etapa 7<\/a><\/blockquote><iframe loading=\"lazy\" class=\"wp-embedded-content\" sandbox=\"allow-scripts\" security=\"restricted\" style=\"position: absolute; clip: rect(1px, 1px, 1px, 1px);\" title=\"&#8220;GR\u00ae 5 Etapa 7&#8221; &#8212; FEEC\" src=\"https:\/\/senders.feec.cat\/etapa\/gr-5-etapa-7\/embed\/#?secret=OXKcNDjEwK#?secret=ZBQWjhcW9d\" data-secret=\"ZBQWjhcW9d\" width=\"600\" height=\"338\" frameborder=\"0\" marginwidth=\"0\" marginheight=\"0\" scrolling=\"no\"><\/iframe>\n<\/div><\/figure>\n\n\n\n<p>Si us animeu, ja ho sabeu&#8230;<\/p>\n\n\n\n<p>Us hi esperem!!!<\/p>\n\n\n\n<p>Salut i trescades&#8230;<\/p>\n\n\n\n<p>Organitzaci\u00f3 trescades UEC VdT<\/p>\n","protected":false},"excerpt":{"rendered":"<p>(Fotografia: El pas del sender GR 5 per Sant Feliu de Codines, amb la Creu de Terme. a la part alta del poble, fent \u00faltimes<\/p>\n","protected":false},"author":1,"featured_media":0,"comment_status":"open","ping_status":"open","sticky":false,"template":"","format":"standard","meta":{"footnotes":""},"categories":[5,9,2],"tags":[],"class_list":["post-321","post","type-post","status-publish","format-standard","hentry","category-excursionisme","category-resseguint-el-gr-5","category-seccions"],"_links":{"self":[{"href":"http:\/\/uecvalltenes.com\/web\/wp-json\/wp\/v2\/posts\/321","targetHints":{"allow":["GET"]}}],"collection":[{"href":"http:\/\/uecvalltenes.com\/web\/wp-json\/wp\/v2\/posts"}],"about":[{"href":"http:\/\/uecvalltenes.com\/web\/wp-json\/wp\/v2\/types\/post"}],"author":[{"embeddable":true,"href":"http:\/\/uecvalltenes.com\/web\/wp-json\/wp\/v2\/users\/1"}],"replies":[{"embeddable":true,"href":"http:\/\/uecvalltenes.com\/web\/wp-json\/wp\/v2\/comments?post=321"}],"version-history":[{"count":1,"href":"http:\/\/uecvalltenes.com\/web\/wp-json\/wp\/v2\/posts\/321\/revisions"}],"predecessor-version":[{"id":323,"href":"http:\/\/uecvalltenes.com\/web\/wp-json\/wp\/v2\/posts\/321\/revisions\/323"}],"wp:attachment":[{"href":"http:\/\/uecvalltenes.com\/web\/wp-json\/wp\/v2\/media?parent=321"}],"wp:term":[{"taxonomy":"category","embeddable":true,"href":"http:\/\/uecvalltenes.com\/web\/wp-json\/wp\/v2\/categories?post=321"},{"taxonomy":"post_tag","embeddable":true,"href":"http:\/\/uecvalltenes.com\/web\/wp-json\/wp\/v2\/tags?post=321"}],"curies":[{"name":"wp","href":"https:\/\/api.w.org\/{rel}","templated":true}]}}