{"id":301,"date":"2023-03-24T00:26:12","date_gmt":"2023-03-24T00:26:12","guid":{"rendered":"http:\/\/uecvalltenes.com\/web\/?p=301"},"modified":"2023-03-24T00:36:20","modified_gmt":"2023-03-24T00:36:20","slug":"2a-la-senders-llicanenca-2023-caminada-popular-per-llica-damunt","status":"publish","type":"post","link":"http:\/\/uecvalltenes.com\/web\/2023\/2a-la-senders-llicanenca-2023-caminada-popular-per-llica-damunt\/","title":{"rendered":"2a.  &#8221; LA   SENDERS   LLI\u00c7ANENCA  &#8221;  2023, Caminada   Popular   per    Lli\u00e7\u00e0  d&#8217;Amunt"},"content":{"rendered":"\n<p>Reserveu el diumenge dia 16 d&#8217;abril de 2023!!!<\/p>\n\n\n\n<p>Tenim  la 2a. &#8220;La Senders Lli\u00e7anenca&#8221; 2023, la Caminada Popular per Lli\u00e7\u00e0 d&#8217;Amunt.<\/p>\n\n\n\n<p>Tota la informaci\u00f3 a trobareu a l&#8217;enlla\u00e7 seg\u00fcent:<\/p>\n\n\n\n<p><a href=\"http:\/\/senders.uecvalltenes.com\">http:\/\/senders.uecvalltenes.com<\/a><\/p>\n\n\n\n<p><\/p>\n\n\n\n<p>Adjuntem el d\u00edptic de &#8220;La Senders&#8221;&#8230;.<\/p>\n\n\n\n<p> <\/p>\n\n\n\n<div data-wp-interactive=\"core\/file\" class=\"wp-block-file\"><object data-wp-bind--hidden=\"!state.hasPdfPreview\" hidden class=\"wp-block-file__embed\" data=\"http:\/\/uecvalltenes.com\/web\/wp-content\/uploads\/2023\/03\/diptic-la-senders-2023.pdf\" type=\"application\/pdf\" style=\"width:100%;height:600px\" aria-label=\"Incrustaci\u00f3 del fitxer diptic-la-senders-2023.\"><\/object><a id=\"wp-block-file--media-4fe9f2d1-33b1-4395-82e5-b8210f8e4582\" href=\"http:\/\/uecvalltenes.com\/web\/wp-content\/uploads\/2023\/03\/diptic-la-senders-2023.pdf\">diptic-la-senders-2023<\/a><a href=\"http:\/\/uecvalltenes.com\/web\/wp-content\/uploads\/2023\/03\/diptic-la-senders-2023.pdf\" class=\"wp-block-file__button wp-element-button\" download aria-describedby=\"wp-block-file--media-4fe9f2d1-33b1-4395-82e5-b8210f8e4582\">Baixa<\/a><\/div>\n\n\n\n<p>Us hi esperem, caminaires!!!<\/p>\n\n\n\n<p>Organitzaci\u00f3 Trescades de la UEC VdT<\/p>\n","protected":false},"excerpt":{"rendered":"<p>Reserveu el diumenge dia 16 d&#8217;abril de 2023!!! Tenim la 2a. &#8220;La Senders Lli\u00e7anenca&#8221; 2023, la Caminada Popular per Lli\u00e7\u00e0 d&#8217;Amunt. Tota la informaci\u00f3 a<\/p>\n","protected":false},"author":1,"featured_media":0,"comment_status":"open","ping_status":"open","sticky":false,"template":"","format":"standard","meta":{"footnotes":""},"categories":[12,5,2],"tags":[],"class_list":["post-301","post","type-post","status-publish","format-standard","hentry","category-la-senders-llicanenca","category-excursionisme","category-seccions"],"_links":{"self":[{"href":"http:\/\/uecvalltenes.com\/web\/wp-json\/wp\/v2\/posts\/301","targetHints":{"allow":["GET"]}}],"collection":[{"href":"http:\/\/uecvalltenes.com\/web\/wp-json\/wp\/v2\/posts"}],"about":[{"href":"http:\/\/uecvalltenes.com\/web\/wp-json\/wp\/v2\/types\/post"}],"author":[{"embeddable":true,"href":"http:\/\/uecvalltenes.com\/web\/wp-json\/wp\/v2\/users\/1"}],"replies":[{"embeddable":true,"href":"http:\/\/uecvalltenes.com\/web\/wp-json\/wp\/v2\/comments?post=301"}],"version-history":[{"count":2,"href":"http:\/\/uecvalltenes.com\/web\/wp-json\/wp\/v2\/posts\/301\/revisions"}],"predecessor-version":[{"id":306,"href":"http:\/\/uecvalltenes.com\/web\/wp-json\/wp\/v2\/posts\/301\/revisions\/306"}],"wp:attachment":[{"href":"http:\/\/uecvalltenes.com\/web\/wp-json\/wp\/v2\/media?parent=301"}],"wp:term":[{"taxonomy":"category","embeddable":true,"href":"http:\/\/uecvalltenes.com\/web\/wp-json\/wp\/v2\/categories?post=301"},{"taxonomy":"post_tag","embeddable":true,"href":"http:\/\/uecvalltenes.com\/web\/wp-json\/wp\/v2\/tags?post=301"}],"curies":[{"name":"wp","href":"https:\/\/api.w.org\/{rel}","templated":true}]}}